{"id":4934,"date":"2016-06-12T16:43:16","date_gmt":"2016-06-12T16:43:16","guid":{"rendered":"http:\/\/hospitaldaher.com.br\/plastica\/?p=4934"},"modified":"2017-01-12T16:47:39","modified_gmt":"2017-01-12T16:47:39","slug":"vicio-em-cirurgias-plasticas-pode-indicar-um-serio-transtorno-psicologico","status":"publish","type":"post","link":"https:\/\/hospitaldaher.com.br\/plastica\/vicio-em-cirurgias-plasticas-pode-indicar-um-serio-transtorno-psicologico\/","title":{"rendered":"V\u00edcio em cirurgias pl\u00e1sticas pode indicar um s\u00e9rio transtorno psicol\u00f3gico"},"content":{"rendered":"<h2 style=\"text-align: justify;\">Saiba mais sobre o problema<\/h2>\n<p style=\"text-align: justify;\">Com um rosto angelical e cabelos loiros, curtos e despenteados, a talentosa atriz Meg Ryan, que atuou em filmes como &#8220;Cidade dos anjos&#8221; e &#8220;Mensagem para voc\u00ea&#8221;, encantou milhares de f\u00e3s pelo mundo com seu talento e beleza estonteante. Mas durante a entrega de pr\u00eamios Tony Awards, maior honraria concedida ao teatro, o rosto da atriz chamou mais a aten\u00e7\u00e3o do que os pr\u00f3prios ganhadores. Tudo por conta de uma s\u00e9rie de cirurgias pl\u00e1sticas que fez nos \u00faltimos anos, tornando as fei\u00e7\u00f5es da atriz, de 54 anos, extremamente exageradas, com um rosto repuxado, l\u00e1bios bem carnudos e bochechas salientes, com aspecto artificial.<\/p>\n<p style=\"text-align: justify;\">Nas redes sociais, muitos internautas n\u00e3o perdoaram e chegaram a compar\u00e1-la ao curinga, inimigo do super-her\u00f3i Batman.<\/p>\n<p style=\"text-align: justify;\">Outras personalidades tamb\u00e9m surpreenderam recentemente pelo mesmo motivo. A atriz Ren\u00e9e Zellweger, eternizada no papel da jornalista Bridget Jones, demorou a ser reconhecida durante um evento realizado em 2014 por conta do excesso de procedimentos est\u00e9ticos que fez no rosto. A cantora brasileira Anitta, de apenas 23 anos, tamb\u00e9m vem exagerando e h\u00e1 alguns meses abusou do preenchimento labial.<\/p>\n<p style=\"text-align: justify;\">Os casos de excessos cometidos por v\u00e1rias celebridades, assim como pelos n\u00e3o famosos, podem indicar um transtorno s\u00e9rio, chamado de dismorfia corporal, que ocorre quando a pessoa tem uma imagem distorcida de si mesma e, sobretudo, nunca se satisfaz com os tratamentos est\u00e9ticos, por melhores que sejam os resultados. Ela pode recorrer a in\u00fameras pl\u00e1sticas e, mesmo assim, continuar achando que precisa melhorar algo no corpo.<\/p>\n<p style=\"text-align: justify;\">De acordo com o cirurgi\u00e3o pl\u00e1stico e fundador do Hospital Daher, Dr. Jos\u00e9 Carlos Daher, o problema pode trazer o oposto do resultado que o paciente realmente deseja. \u201cAo inv\u00e9s de ganhar um rosto ou corpo mais belos e harm\u00f4nicos, ele pode obter uma apar\u00eancia artificial e piorada. Al\u00e9m disso, ele pode ter sua sa\u00fade afetada, uma vez que cada procedimento traz um risco cir\u00fargico\u201d, alerta.<\/p>\n<p style=\"text-align: justify;\">Para que o paciente n\u00e3o corra o risco de exagerar e se sinta mais seguro durante a interven\u00e7\u00e3o est\u00e9tica, \u00e9 recomendado que ele procure sempre um especialista credenciado pela Sociedade Brasileira de Cirurgia Pl\u00e1stica (SBCP), pois somente eles est\u00e3o preparados para fazer uma opera\u00e7\u00e3o com menores riscos e orientar o paciente quando acharem que o procedimento n\u00e3o trar\u00e1 benef\u00edcios est\u00e9ticos. Eles tamb\u00e9m est\u00e3o aptos a alertar sobre uma poss\u00edvel dismorfia corporal e indicar um tratamento psicol\u00f3gico a esse paciente, a fim de proteg\u00ea-lo de danos que podem ser irrevers\u00edveis.<\/p>\n<p style=\"text-align: justify;\">De acordo com o Dr. Daher, \u00e9 imprescind\u00edvel que o interessado em uma cirurgia pl\u00e1stica escute atentamente o m\u00e9dico e siga suas orienta\u00e7\u00f5es. &#8220;O especialista tem um conhecimento aprofundado sobre propor\u00e7\u00e3o e harmonia corporal e sabe quando um procedimento solicitado tem grandes chances de dar errado. Quando o profissional \u00e9 s\u00e9rio, ele pode inclusive se negar a executar um procedimento onde a rela\u00e7\u00e3o custo-benef\u00edcio seja desfavor\u00e1vel e possa causar tristeza, arrependimento ou mesmo resultados artificiais e desgraciosos no seu paciente&#8221;, diz o Dr. Daher.<\/p>\n","protected":false},"excerpt":{"rendered":"<p>Saiba mais sobre o problema Com um rosto angelical e cabelos loiros, curtos e despenteados, a talentosa atriz Meg Ryan, que atuou em filmes como &#8220;Cidade dos anjos&#8221; e &#8220;Mensagem para voc\u00ea&#8221;, encantou milhares de f\u00e3s pelo mundo com seu talento e beleza estonteante. Mas durante a entrega de pr\u00eamios Tony Awards, maior honraria concedida&#8230;<\/p>\n","protected":false},"author":2,"featured_media":4323,"comment_status":"open","ping_status":"open","sticky":false,"template":"","format":"standard","meta":{"footnotes":""},"categories":[139],"tags":[141,160,144,159,161],"yoast_head":"<!-- This site is optimized with the Yoast SEO plugin v21.6 - https:\/\/yoast.com\/wordpress\/plugins\/seo\/ -->\n<title>V\u00edcio em cirurgias pl\u00e1sticas pode indicar um s\u00e9rio transtorno psicol\u00f3gico - Dr. Jos\u00e9 Carlos Daher<\/title>\n<meta name=\"robots\" content=\"index, follow, max-snippet:-1, max-image-preview:large, max-video-preview:-1\" \/>\n<link rel=\"canonical\" href=\"https:\/\/hospitaldaher.com.br\/plastica\/vicio-em-cirurgias-plasticas-pode-indicar-um-serio-transtorno-psicologico\/\" \/>\n<meta property=\"og:locale\" content=\"pt_BR\" \/>\n<meta property=\"og:type\" content=\"article\" \/>\n<meta property=\"og:title\" content=\"V\u00edcio em cirurgias pl\u00e1sticas pode indicar um s\u00e9rio transtorno psicol\u00f3gico - Dr. Jos\u00e9 Carlos Daher\" \/>\n<meta property=\"og:description\" content=\"Saiba mais sobre o problema Com um rosto angelical e cabelos loiros, curtos e despenteados, a talentosa atriz Meg Ryan, que atuou em filmes como &#8220;Cidade dos anjos&#8221; e &#8220;Mensagem para voc\u00ea&#8221;, encantou milhares de f\u00e3s pelo mundo com seu talento e beleza estonteante. Mas durante a entrega de pr\u00eamios Tony Awards, maior honraria concedida...\" \/>\n<meta property=\"og:url\" content=\"https:\/\/hospitaldaher.com.br\/plastica\/vicio-em-cirurgias-plasticas-pode-indicar-um-serio-transtorno-psicologico\/\" \/>\n<meta property=\"og:site_name\" content=\"Dr. Jos\u00e9 Carlos Daher\" \/>\n<meta property=\"article:publisher\" content=\"https:\/\/www.facebook.com\/daherplastica\/\" \/>\n<meta property=\"article:published_time\" content=\"2016-06-12T16:43:16+00:00\" \/>\n<meta property=\"article:modified_time\" content=\"2017-01-12T16:47:39+00:00\" \/>\n<meta property=\"og:image\" content=\"https:\/\/hospitaldaher.com.br\/plastica\/wp-content\/uploads\/2016\/11\/BGB2-1.jpg\" \/>\n\t<meta property=\"og:image:width\" content=\"1800\" \/>\n\t<meta property=\"og:image:height\" content=\"894\" \/>\n\t<meta property=\"og:image:type\" content=\"image\/jpeg\" \/>\n<meta name=\"author\" content=\"Rodrigo Souza\" \/>\n<meta name=\"twitter:card\" content=\"summary_large_image\" \/>\n<meta name=\"twitter:label1\" content=\"Escrito por\" \/>\n\t<meta name=\"twitter:data1\" content=\"Rodrigo Souza\" \/>\n\t<meta name=\"twitter:label2\" content=\"Est. tempo de leitura\" \/>\n\t<meta name=\"twitter:data2\" content=\"3 minutos\" \/>\n<script type=\"application\/ld+json\" class=\"yoast-schema-graph\">{\"@context\":\"https:\/\/schema.org\",\"@graph\":[{\"@type\":\"NewsArticle\",\"@id\":\"https:\/\/hospitaldaher.com.br\/plastica\/vicio-em-cirurgias-plasticas-pode-indicar-um-serio-transtorno-psicologico\/#article\",\"isPartOf\":{\"@id\":\"https:\/\/hospitaldaher.com.br\/plastica\/vicio-em-cirurgias-plasticas-pode-indicar-um-serio-transtorno-psicologico\/\"},\"author\":{\"name\":\"Rodrigo Souza\",\"@id\":\"https:\/\/hospitaldaher.com.br\/plastica\/#\/schema\/person\/c5815cf777240b18b88be2b1e11beec5\"},\"headline\":\"V\u00edcio em cirurgias pl\u00e1sticas pode indicar um s\u00e9rio transtorno psicol\u00f3gico\",\"datePublished\":\"2016-06-12T16:43:16+00:00\",\"dateModified\":\"2017-01-12T16:47:39+00:00\",\"mainEntityOfPage\":{\"@id\":\"https:\/\/hospitaldaher.com.br\/plastica\/vicio-em-cirurgias-plasticas-pode-indicar-um-serio-transtorno-psicologico\/\"},\"wordCount\":549,\"commentCount\":2,\"publisher\":{\"@id\":\"https:\/\/hospitaldaher.com.br\/plastica\/#organization\"},\"keywords\":[\"cirurgia pl\u00e1stica\",\"homens\",\"Jos\u00e9 Carlos Daher\",\"mulheres\",\"v\u00edcio\"],\"articleSection\":[\"Not\u00edcias\"],\"inLanguage\":\"pt-BR\",\"potentialAction\":[{\"@type\":\"CommentAction\",\"name\":\"Comment\",\"target\":[\"https:\/\/hospitaldaher.com.br\/plastica\/vicio-em-cirurgias-plasticas-pode-indicar-um-serio-transtorno-psicologico\/#respond\"]}]},{\"@type\":[\"WebPage\",\"MedicalWebPage\"],\"@id\":\"https:\/\/hospitaldaher.com.br\/plastica\/vicio-em-cirurgias-plasticas-pode-indicar-um-serio-transtorno-psicologico\/\",\"url\":\"https:\/\/hospitaldaher.com.br\/plastica\/vicio-em-cirurgias-plasticas-pode-indicar-um-serio-transtorno-psicologico\/\",\"name\":\"V\u00edcio em cirurgias pl\u00e1sticas pode indicar um s\u00e9rio transtorno psicol\u00f3gico - Dr. Jos\u00e9 Carlos Daher\",\"isPartOf\":{\"@id\":\"https:\/\/hospitaldaher.com.br\/plastica\/#website\"},\"datePublished\":\"2016-06-12T16:43:16+00:00\",\"dateModified\":\"2017-01-12T16:47:39+00:00\",\"breadcrumb\":{\"@id\":\"https:\/\/hospitaldaher.com.br\/plastica\/vicio-em-cirurgias-plasticas-pode-indicar-um-serio-transtorno-psicologico\/#breadcrumb\"},\"inLanguage\":\"pt-BR\",\"potentialAction\":[{\"@type\":\"ReadAction\",\"target\":[\"https:\/\/hospitaldaher.com.br\/plastica\/vicio-em-cirurgias-plasticas-pode-indicar-um-serio-transtorno-psicologico\/\"]}]},{\"@type\":\"BreadcrumbList\",\"@id\":\"https:\/\/hospitaldaher.com.br\/plastica\/vicio-em-cirurgias-plasticas-pode-indicar-um-serio-transtorno-psicologico\/#breadcrumb\",\"itemListElement\":[{\"@type\":\"ListItem\",\"position\":1,\"name\":\"In\u00edcio\",\"item\":\"https:\/\/hospitaldaher.com.br\/plastica\/\"},{\"@type\":\"ListItem\",\"position\":2,\"name\":\"V\u00edcio em cirurgias pl\u00e1sticas pode indicar um s\u00e9rio transtorno psicol\u00f3gico\"}]},{\"@type\":\"WebSite\",\"@id\":\"https:\/\/hospitaldaher.com.br\/plastica\/#website\",\"url\":\"https:\/\/hospitaldaher.com.br\/plastica\/\",\"name\":\"Dr. Jos\u00e9 Carlos Daher\",\"description\":\"Cirurgia Pl\u00e1stica\",\"publisher\":{\"@id\":\"https:\/\/hospitaldaher.com.br\/plastica\/#organization\"},\"potentialAction\":[{\"@type\":\"SearchAction\",\"target\":{\"@type\":\"EntryPoint\",\"urlTemplate\":\"https:\/\/hospitaldaher.com.br\/plastica\/?s={search_term_string}\"},\"query-input\":\"required name=search_term_string\"}],\"inLanguage\":\"pt-BR\"},{\"@type\":\"Organization\",\"@id\":\"https:\/\/hospitaldaher.com.br\/plastica\/#organization\",\"name\":\"Daher Pl\u00e1stica - Dr. Jos\u00e9 Carlos Daher e Dr. Leonardo Daher\",\"url\":\"https:\/\/hospitaldaher.com.br\/plastica\/\",\"logo\":{\"@type\":\"ImageObject\",\"inLanguage\":\"pt-BR\",\"@id\":\"https:\/\/hospitaldaher.com.br\/plastica\/#\/schema\/logo\/image\/\",\"url\":\"https:\/\/hospitaldaher.com.br\/plastica\/wp-content\/uploads\/2022\/09\/Logo_Jose_Carlos_Daher_em_Brasilia_Black.svg\",\"contentUrl\":\"https:\/\/hospitaldaher.com.br\/plastica\/wp-content\/uploads\/2022\/09\/Logo_Jose_Carlos_Daher_em_Brasilia_Black.svg\",\"width\":\"1030\",\"height\":\"1030\",\"caption\":\"Daher Pl\u00e1stica - Dr. Jos\u00e9 Carlos Daher e Dr. Leonardo Daher\"},\"image\":{\"@id\":\"https:\/\/hospitaldaher.com.br\/plastica\/#\/schema\/logo\/image\/\"},\"sameAs\":[\"https:\/\/www.facebook.com\/daherplastica\/\",\"https:\/\/www.instagram.com\/doutor_daher\/\"]},{\"@type\":\"Person\",\"@id\":\"https:\/\/hospitaldaher.com.br\/plastica\/#\/schema\/person\/c5815cf777240b18b88be2b1e11beec5\",\"name\":\"Rodrigo Souza\",\"image\":{\"@type\":\"ImageObject\",\"inLanguage\":\"pt-BR\",\"@id\":\"https:\/\/hospitaldaher.com.br\/plastica\/#\/schema\/person\/image\/\",\"url\":\"https:\/\/hospitaldaher.com.br\/plastica\/wp-content\/litespeed\/avatar\/8066cc10441b38f9f1b28973ebaf07e9.jpg?ver=1776865037\",\"contentUrl\":\"https:\/\/hospitaldaher.com.br\/plastica\/wp-content\/litespeed\/avatar\/8066cc10441b38f9f1b28973ebaf07e9.jpg?ver=1776865037\",\"caption\":\"Rodrigo Souza\"}}]}<\/script>\n<!-- \/ Yoast SEO plugin. -->","yoast_head_json":{"title":"V\u00edcio em cirurgias pl\u00e1sticas pode indicar um s\u00e9rio transtorno psicol\u00f3gico - Dr. Jos\u00e9 Carlos Daher","robots":{"index":"index","follow":"follow","max-snippet":"max-snippet:-1","max-image-preview":"max-image-preview:large","max-video-preview":"max-video-preview:-1"},"canonical":"https:\/\/hospitaldaher.com.br\/plastica\/vicio-em-cirurgias-plasticas-pode-indicar-um-serio-transtorno-psicologico\/","og_locale":"pt_BR","og_type":"article","og_title":"V\u00edcio em cirurgias pl\u00e1sticas pode indicar um s\u00e9rio transtorno psicol\u00f3gico - Dr. Jos\u00e9 Carlos Daher","og_description":"Saiba mais sobre o problema Com um rosto angelical e cabelos loiros, curtos e despenteados, a talentosa atriz Meg Ryan, que atuou em filmes como &#8220;Cidade dos anjos&#8221; e &#8220;Mensagem para voc\u00ea&#8221;, encantou milhares de f\u00e3s pelo mundo com seu talento e beleza estonteante. Mas durante a entrega de pr\u00eamios Tony Awards, maior honraria concedida...","og_url":"https:\/\/hospitaldaher.com.br\/plastica\/vicio-em-cirurgias-plasticas-pode-indicar-um-serio-transtorno-psicologico\/","og_site_name":"Dr. Jos\u00e9 Carlos Daher","article_publisher":"https:\/\/www.facebook.com\/daherplastica\/","article_published_time":"2016-06-12T16:43:16+00:00","article_modified_time":"2017-01-12T16:47:39+00:00","og_image":[{"width":1800,"height":894,"url":"https:\/\/hospitaldaher.com.br\/plastica\/wp-content\/uploads\/2016\/11\/BGB2-1.jpg","type":"image\/jpeg"}],"author":"Rodrigo Souza","twitter_card":"summary_large_image","twitter_misc":{"Escrito por":"Rodrigo Souza","Est. tempo de leitura":"3 minutos"},"schema":{"@context":"https:\/\/schema.org","@graph":[{"@type":"NewsArticle","@id":"https:\/\/hospitaldaher.com.br\/plastica\/vicio-em-cirurgias-plasticas-pode-indicar-um-serio-transtorno-psicologico\/#article","isPartOf":{"@id":"https:\/\/hospitaldaher.com.br\/plastica\/vicio-em-cirurgias-plasticas-pode-indicar-um-serio-transtorno-psicologico\/"},"author":{"name":"Rodrigo Souza","@id":"https:\/\/hospitaldaher.com.br\/plastica\/#\/schema\/person\/c5815cf777240b18b88be2b1e11beec5"},"headline":"V\u00edcio em cirurgias pl\u00e1sticas pode indicar um s\u00e9rio transtorno psicol\u00f3gico","datePublished":"2016-06-12T16:43:16+00:00","dateModified":"2017-01-12T16:47:39+00:00","mainEntityOfPage":{"@id":"https:\/\/hospitaldaher.com.br\/plastica\/vicio-em-cirurgias-plasticas-pode-indicar-um-serio-transtorno-psicologico\/"},"wordCount":549,"commentCount":2,"publisher":{"@id":"https:\/\/hospitaldaher.com.br\/plastica\/#organization"},"keywords":["cirurgia pl\u00e1stica","homens","Jos\u00e9 Carlos Daher","mulheres","v\u00edcio"],"articleSection":["Not\u00edcias"],"inLanguage":"pt-BR","potentialAction":[{"@type":"CommentAction","name":"Comment","target":["https:\/\/hospitaldaher.com.br\/plastica\/vicio-em-cirurgias-plasticas-pode-indicar-um-serio-transtorno-psicologico\/#respond"]}]},{"@type":["WebPage","MedicalWebPage"],"@id":"https:\/\/hospitaldaher.com.br\/plastica\/vicio-em-cirurgias-plasticas-pode-indicar-um-serio-transtorno-psicologico\/","url":"https:\/\/hospitaldaher.com.br\/plastica\/vicio-em-cirurgias-plasticas-pode-indicar-um-serio-transtorno-psicologico\/","name":"V\u00edcio em cirurgias pl\u00e1sticas pode indicar um s\u00e9rio transtorno psicol\u00f3gico - Dr. Jos\u00e9 Carlos Daher","isPartOf":{"@id":"https:\/\/hospitaldaher.com.br\/plastica\/#website"},"datePublished":"2016-06-12T16:43:16+00:00","dateModified":"2017-01-12T16:47:39+00:00","breadcrumb":{"@id":"https:\/\/hospitaldaher.com.br\/plastica\/vicio-em-cirurgias-plasticas-pode-indicar-um-serio-transtorno-psicologico\/#breadcrumb"},"inLanguage":"pt-BR","potentialAction":[{"@type":"ReadAction","target":["https:\/\/hospitaldaher.com.br\/plastica\/vicio-em-cirurgias-plasticas-pode-indicar-um-serio-transtorno-psicologico\/"]}]},{"@type":"BreadcrumbList","@id":"https:\/\/hospitaldaher.com.br\/plastica\/vicio-em-cirurgias-plasticas-pode-indicar-um-serio-transtorno-psicologico\/#breadcrumb","itemListElement":[{"@type":"ListItem","position":1,"name":"In\u00edcio","item":"https:\/\/hospitaldaher.com.br\/plastica\/"},{"@type":"ListItem","position":2,"name":"V\u00edcio em cirurgias pl\u00e1sticas pode indicar um s\u00e9rio transtorno psicol\u00f3gico"}]},{"@type":"WebSite","@id":"https:\/\/hospitaldaher.com.br\/plastica\/#website","url":"https:\/\/hospitaldaher.com.br\/plastica\/","name":"Dr. Jos\u00e9 Carlos Daher","description":"Cirurgia Pl\u00e1stica","publisher":{"@id":"https:\/\/hospitaldaher.com.br\/plastica\/#organization"},"potentialAction":[{"@type":"SearchAction","target":{"@type":"EntryPoint","urlTemplate":"https:\/\/hospitaldaher.com.br\/plastica\/?s={search_term_string}"},"query-input":"required name=search_term_string"}],"inLanguage":"pt-BR"},{"@type":"Organization","@id":"https:\/\/hospitaldaher.com.br\/plastica\/#organization","name":"Daher Pl\u00e1stica - Dr. Jos\u00e9 Carlos Daher e Dr. Leonardo Daher","url":"https:\/\/hospitaldaher.com.br\/plastica\/","logo":{"@type":"ImageObject","inLanguage":"pt-BR","@id":"https:\/\/hospitaldaher.com.br\/plastica\/#\/schema\/logo\/image\/","url":"https:\/\/hospitaldaher.com.br\/plastica\/wp-content\/uploads\/2022\/09\/Logo_Jose_Carlos_Daher_em_Brasilia_Black.svg","contentUrl":"https:\/\/hospitaldaher.com.br\/plastica\/wp-content\/uploads\/2022\/09\/Logo_Jose_Carlos_Daher_em_Brasilia_Black.svg","width":"1030","height":"1030","caption":"Daher Pl\u00e1stica - Dr. Jos\u00e9 Carlos Daher e Dr. Leonardo Daher"},"image":{"@id":"https:\/\/hospitaldaher.com.br\/plastica\/#\/schema\/logo\/image\/"},"sameAs":["https:\/\/www.facebook.com\/daherplastica\/","https:\/\/www.instagram.com\/doutor_daher\/"]},{"@type":"Person","@id":"https:\/\/hospitaldaher.com.br\/plastica\/#\/schema\/person\/c5815cf777240b18b88be2b1e11beec5","name":"Rodrigo Souza","image":{"@type":"ImageObject","inLanguage":"pt-BR","@id":"https:\/\/hospitaldaher.com.br\/plastica\/#\/schema\/person\/image\/","url":"https:\/\/hospitaldaher.com.br\/plastica\/wp-content\/litespeed\/avatar\/8066cc10441b38f9f1b28973ebaf07e9.jpg?ver=1776865037","contentUrl":"https:\/\/hospitaldaher.com.br\/plastica\/wp-content\/litespeed\/avatar\/8066cc10441b38f9f1b28973ebaf07e9.jpg?ver=1776865037","caption":"Rodrigo Souza"}}]}},"_links":{"self":[{"href":"https:\/\/hospitaldaher.com.br\/plastica\/wp-json\/wp\/v2\/posts\/4934"}],"collection":[{"href":"https:\/\/hospitaldaher.com.br\/plastica\/wp-json\/wp\/v2\/posts"}],"about":[{"href":"https:\/\/hospitaldaher.com.br\/plastica\/wp-json\/wp\/v2\/types\/post"}],"author":[{"embeddable":true,"href":"https:\/\/hospitaldaher.com.br\/plastica\/wp-json\/wp\/v2\/users\/2"}],"replies":[{"embeddable":true,"href":"https:\/\/hospitaldaher.com.br\/plastica\/wp-json\/wp\/v2\/comments?post=4934"}],"version-history":[{"count":0,"href":"https:\/\/hospitaldaher.com.br\/plastica\/wp-json\/wp\/v2\/posts\/4934\/revisions"}],"wp:featuredmedia":[{"embeddable":true,"href":"https:\/\/hospitaldaher.com.br\/plastica\/wp-json\/wp\/v2\/media\/4323"}],"wp:attachment":[{"href":"https:\/\/hospitaldaher.com.br\/plastica\/wp-json\/wp\/v2\/media?parent=4934"}],"wp:term":[{"taxonomy":"category","embeddable":true,"href":"https:\/\/hospitaldaher.com.br\/plastica\/wp-json\/wp\/v2\/categories?post=4934"},{"taxonomy":"post_tag","embeddable":true,"href":"https:\/\/hospitaldaher.com.br\/plastica\/wp-json\/wp\/v2\/tags?post=4934"}],"curies":[{"name":"wp","href":"https:\/\/api.w.org\/{rel}","templated":true}]}}