{"id":4967,"date":"2015-10-02T17:34:10","date_gmt":"2015-10-02T17:34:10","guid":{"rendered":"http:\/\/hospitaldaher.com.br\/plastica\/?p=4967"},"modified":"2017-01-12T17:37:32","modified_gmt":"2017-01-12T17:37:32","slug":"cirurgia-plastica-pode-melhorar-casos-de-paralisia-facial","status":"publish","type":"post","link":"https:\/\/hospitaldaher.com.br\/plastica\/cirurgia-plastica-pode-melhorar-casos-de-paralisia-facial\/","title":{"rendered":"Cirurgia pl\u00e1stica pode melhorar casos de Paralisia Facial"},"content":{"rendered":"<p style=\"text-align: justify;\"><em>Jos\u00e9 Carlos Daher explica quando o procedimento pode ser feito<\/em><\/p>\n<p style=\"text-align: justify;\">Choque t\u00e9rmico, traumas decorrentes de acidentes, AIDS, herpes, entre outros problemas podem provocar paralisia facial. Ela ocorre quando existe a perda de movimento de um ou dos dois lados do rosto, ocasionada pela les\u00e3o do nervo da face. Da\u00ed em diante, o sorriso passa a ficar torto, os olhos se fecham com dificuldade, as sobrancelhas ficam paralisadas e a boca perde a fun\u00e7\u00e3o de reter a saliva.<\/p>\n<p style=\"text-align: justify;\">Al\u00e9m de o problema produzir uma deformidade muito marcante e de dif\u00edcil solu\u00e7\u00e3o, ele tamb\u00e9m pode fazer com que a v\u00edtima tenha a capacidade de se expressar comprometida. Dependendo do que tiver ocasionado a paralisia facial, a cirurgia pl\u00e1stica de reanima\u00e7\u00e3o da face poder\u00e1 proporcionar, dentro de suas limita\u00e7\u00f5es, melhora no quadro do paciente e esperan\u00e7a de melhoria est\u00e9tica e funcional.<\/p>\n<p style=\"text-align: justify;\">Segundo o cirurgi\u00e3o pl\u00e1stico e fundador do Hospital Daher, Jos\u00e9 Carlos Daher, quando as paralisias s\u00e3o causadas por algum trauma, como cortes ou acidentes, as cirurgias de reparo podem ser indicadas, dependendo da gravidade e da \u00e1rea afetada. \u201cCada caso tem que ser avaliado. As paralisias que ocorrem mais distantes do tronco do nervo facial, por exemplo, podem se recuperar espontaneamente com o tempo, sendo necess\u00e1ria apenas a orienta\u00e7\u00e3o m\u00e9dica e a fisioterapia, que ir\u00e1 garantir a integridade dos m\u00fasculos atrav\u00e9s de est\u00edmulos, para evitar que eles atrofiem\u201d, explica. No entanto, o especialista conta que, se a les\u00e3o for no tronco ou pr\u00f3xima, o tratamento ter\u00e1 que ser cir\u00fargico, para a recupera\u00e7\u00e3o da anatomia do nervo. \u201cA cirurgia pode ser feita por suturas ou enxertos. \u00c9 importante ressaltar que, nesses casos, a repara\u00e7\u00e3o precisa ser feita o mais r\u00e1pido poss\u00edvel, n\u00e3o podendo jamais ultrapassar um ano. Ap\u00f3s o devido diagn\u00f3stico, o tratamento poder\u00e1 ir desde o reparo direto da les\u00e3o, passando por t\u00e9cnicas de reinerva\u00e7\u00e3o da musculatura da m\u00edmica facial, que tem como objetivo recuperar a parte afetada atrav\u00e9s de impulsos el\u00e9tricos, at\u00e9 a utiliza\u00e7\u00e3o de transplantes e transposi\u00e7\u00f5es musculares, onde um m\u00fasculo do membro inferior pode ser utilizado para fornecer fun\u00e7\u00e3o muscular \u00e0 face\u201d, detalha.<\/p>\n<p style=\"text-align: justify;\">Outro tipo comum \u00e9 a Paralisia de Bell, que pode ser causada por v\u00edrus, como o herpes simples. Ela pode acometer qualquer sexo e etnia. Nesse caso, o v\u00edrus pode atacar o nervo facial, fazendo com que ele fique inflamado e inchado. Nesse tipo de paralisia, o cirurgi\u00e3o pl\u00e1stico Jos\u00e9 Carlos Daher n\u00e3o indica interven\u00e7\u00f5es cir\u00fargicas. \u201cO tratamento ser\u00e1 cl\u00ednico, o que geralmente \u00e9 suficiente, uma vez que a possibilidade de que seja um tipo de infec\u00e7\u00e3o vir\u00f3tica \u00e9 alta\u201d, explica.<\/p>\n","protected":false},"excerpt":{"rendered":"<p>Jos\u00e9 Carlos Daher explica quando o procedimento pode ser feito Choque t\u00e9rmico, traumas decorrentes de acidentes, AIDS, herpes, entre outros problemas podem provocar paralisia facial. Ela ocorre quando existe a perda de movimento de um ou dos dois lados do rosto, ocasionada pela les\u00e3o do nervo da face. Da\u00ed em diante, o sorriso passa a&#8230;<\/p>\n","protected":false},"author":2,"featured_media":4968,"comment_status":"open","ping_status":"open","sticky":false,"template":"","format":"standard","meta":{"footnotes":""},"categories":[139],"tags":[163,179,144,178,164,171,146],"yoast_head":"<!-- This site is optimized with the Yoast SEO plugin v21.6 - https:\/\/yoast.com\/wordpress\/plugins\/seo\/ -->\n<title>Cirurgia pl\u00e1stica pode melhorar casos de Paralisia Facial - Dr. Jos\u00e9 Carlos Daher<\/title>\n<meta name=\"robots\" content=\"index, follow, max-snippet:-1, max-image-preview:large, max-video-preview:-1\" \/>\n<link rel=\"canonical\" href=\"https:\/\/hospitaldaher.com.br\/plastica\/cirurgia-plastica-pode-melhorar-casos-de-paralisia-facial\/\" \/>\n<meta property=\"og:locale\" content=\"pt_BR\" \/>\n<meta property=\"og:type\" content=\"article\" \/>\n<meta property=\"og:title\" content=\"Cirurgia pl\u00e1stica pode melhorar casos de Paralisia Facial - Dr. Jos\u00e9 Carlos Daher\" \/>\n<meta property=\"og:description\" content=\"Jos\u00e9 Carlos Daher explica quando o procedimento pode ser feito Choque t\u00e9rmico, traumas decorrentes de acidentes, AIDS, herpes, entre outros problemas podem provocar paralisia facial. Ela ocorre quando existe a perda de movimento de um ou dos dois lados do rosto, ocasionada pela les\u00e3o do nervo da face. Da\u00ed em diante, o sorriso passa a...\" \/>\n<meta property=\"og:url\" content=\"https:\/\/hospitaldaher.com.br\/plastica\/cirurgia-plastica-pode-melhorar-casos-de-paralisia-facial\/\" \/>\n<meta property=\"og:site_name\" content=\"Dr. Jos\u00e9 Carlos Daher\" \/>\n<meta property=\"article:publisher\" content=\"https:\/\/www.facebook.com\/daherplastica\/\" \/>\n<meta property=\"article:published_time\" content=\"2015-10-02T17:34:10+00:00\" \/>\n<meta property=\"article:modified_time\" content=\"2017-01-12T17:37:32+00:00\" \/>\n<meta property=\"og:image\" content=\"https:\/\/hospitaldaher.com.br\/plastica\/wp-content\/uploads\/2017\/01\/cirurgiaplastica1.jpg\" \/>\n\t<meta property=\"og:image:width\" content=\"1280\" \/>\n\t<meta property=\"og:image:height\" content=\"1280\" \/>\n\t<meta property=\"og:image:type\" content=\"image\/jpeg\" \/>\n<meta name=\"author\" content=\"Rodrigo Souza\" \/>\n<meta name=\"twitter:card\" content=\"summary_large_image\" \/>\n<meta name=\"twitter:label1\" content=\"Escrito por\" \/>\n\t<meta name=\"twitter:data1\" content=\"Rodrigo Souza\" \/>\n\t<meta name=\"twitter:label2\" content=\"Est. tempo de leitura\" \/>\n\t<meta name=\"twitter:data2\" content=\"2 minutos\" \/>\n<script type=\"application\/ld+json\" class=\"yoast-schema-graph\">{\"@context\":\"https:\/\/schema.org\",\"@graph\":[{\"@type\":\"NewsArticle\",\"@id\":\"https:\/\/hospitaldaher.com.br\/plastica\/cirurgia-plastica-pode-melhorar-casos-de-paralisia-facial\/#article\",\"isPartOf\":{\"@id\":\"https:\/\/hospitaldaher.com.br\/plastica\/cirurgia-plastica-pode-melhorar-casos-de-paralisia-facial\/\"},\"author\":{\"name\":\"Rodrigo Souza\",\"@id\":\"https:\/\/hospitaldaher.com.br\/plastica\/#\/schema\/person\/c5815cf777240b18b88be2b1e11beec5\"},\"headline\":\"Cirurgia pl\u00e1stica pode melhorar casos de Paralisia Facial\",\"datePublished\":\"2015-10-02T17:34:10+00:00\",\"dateModified\":\"2017-01-12T17:37:32+00:00\",\"mainEntityOfPage\":{\"@id\":\"https:\/\/hospitaldaher.com.br\/plastica\/cirurgia-plastica-pode-melhorar-casos-de-paralisia-facial\/\"},\"wordCount\":481,\"commentCount\":4,\"publisher\":{\"@id\":\"https:\/\/hospitaldaher.com.br\/plastica\/#organization\"},\"keywords\":[\"cirurgia\",\"face\",\"Jos\u00e9 Carlos Daher\",\"paralisia facial\",\"pl\u00e1stica\",\"rosto\",\"tratamento\"],\"articleSection\":[\"Not\u00edcias\"],\"inLanguage\":\"pt-BR\",\"potentialAction\":[{\"@type\":\"CommentAction\",\"name\":\"Comment\",\"target\":[\"https:\/\/hospitaldaher.com.br\/plastica\/cirurgia-plastica-pode-melhorar-casos-de-paralisia-facial\/#respond\"]}]},{\"@type\":[\"WebPage\",\"MedicalWebPage\"],\"@id\":\"https:\/\/hospitaldaher.com.br\/plastica\/cirurgia-plastica-pode-melhorar-casos-de-paralisia-facial\/\",\"url\":\"https:\/\/hospitaldaher.com.br\/plastica\/cirurgia-plastica-pode-melhorar-casos-de-paralisia-facial\/\",\"name\":\"Cirurgia pl\u00e1stica pode melhorar casos de Paralisia Facial - Dr. Jos\u00e9 Carlos Daher\",\"isPartOf\":{\"@id\":\"https:\/\/hospitaldaher.com.br\/plastica\/#website\"},\"datePublished\":\"2015-10-02T17:34:10+00:00\",\"dateModified\":\"2017-01-12T17:37:32+00:00\",\"breadcrumb\":{\"@id\":\"https:\/\/hospitaldaher.com.br\/plastica\/cirurgia-plastica-pode-melhorar-casos-de-paralisia-facial\/#breadcrumb\"},\"inLanguage\":\"pt-BR\",\"potentialAction\":[{\"@type\":\"ReadAction\",\"target\":[\"https:\/\/hospitaldaher.com.br\/plastica\/cirurgia-plastica-pode-melhorar-casos-de-paralisia-facial\/\"]}]},{\"@type\":\"BreadcrumbList\",\"@id\":\"https:\/\/hospitaldaher.com.br\/plastica\/cirurgia-plastica-pode-melhorar-casos-de-paralisia-facial\/#breadcrumb\",\"itemListElement\":[{\"@type\":\"ListItem\",\"position\":1,\"name\":\"In\u00edcio\",\"item\":\"https:\/\/hospitaldaher.com.br\/plastica\/\"},{\"@type\":\"ListItem\",\"position\":2,\"name\":\"Cirurgia pl\u00e1stica pode melhorar casos de Paralisia Facial\"}]},{\"@type\":\"WebSite\",\"@id\":\"https:\/\/hospitaldaher.com.br\/plastica\/#website\",\"url\":\"https:\/\/hospitaldaher.com.br\/plastica\/\",\"name\":\"Dr. Jos\u00e9 Carlos Daher\",\"description\":\"Cirurgia Pl\u00e1stica\",\"publisher\":{\"@id\":\"https:\/\/hospitaldaher.com.br\/plastica\/#organization\"},\"potentialAction\":[{\"@type\":\"SearchAction\",\"target\":{\"@type\":\"EntryPoint\",\"urlTemplate\":\"https:\/\/hospitaldaher.com.br\/plastica\/?s={search_term_string}\"},\"query-input\":\"required name=search_term_string\"}],\"inLanguage\":\"pt-BR\"},{\"@type\":\"Organization\",\"@id\":\"https:\/\/hospitaldaher.com.br\/plastica\/#organization\",\"name\":\"Daher Pl\u00e1stica - Dr. Jos\u00e9 Carlos Daher e Dr. Leonardo Daher\",\"url\":\"https:\/\/hospitaldaher.com.br\/plastica\/\",\"logo\":{\"@type\":\"ImageObject\",\"inLanguage\":\"pt-BR\",\"@id\":\"https:\/\/hospitaldaher.com.br\/plastica\/#\/schema\/logo\/image\/\",\"url\":\"https:\/\/hospitaldaher.com.br\/plastica\/wp-content\/uploads\/2022\/09\/Logo_Jose_Carlos_Daher_em_Brasilia_Black.svg\",\"contentUrl\":\"https:\/\/hospitaldaher.com.br\/plastica\/wp-content\/uploads\/2022\/09\/Logo_Jose_Carlos_Daher_em_Brasilia_Black.svg\",\"width\":\"1030\",\"height\":\"1030\",\"caption\":\"Daher Pl\u00e1stica - Dr. Jos\u00e9 Carlos Daher e Dr. Leonardo Daher\"},\"image\":{\"@id\":\"https:\/\/hospitaldaher.com.br\/plastica\/#\/schema\/logo\/image\/\"},\"sameAs\":[\"https:\/\/www.facebook.com\/daherplastica\/\",\"https:\/\/www.instagram.com\/doutor_daher\/\"]},{\"@type\":\"Person\",\"@id\":\"https:\/\/hospitaldaher.com.br\/plastica\/#\/schema\/person\/c5815cf777240b18b88be2b1e11beec5\",\"name\":\"Rodrigo Souza\",\"image\":{\"@type\":\"ImageObject\",\"inLanguage\":\"pt-BR\",\"@id\":\"https:\/\/hospitaldaher.com.br\/plastica\/#\/schema\/person\/image\/\",\"url\":\"https:\/\/hospitaldaher.com.br\/plastica\/wp-content\/litespeed\/avatar\/8066cc10441b38f9f1b28973ebaf07e9.jpg?ver=1777469907\",\"contentUrl\":\"https:\/\/hospitaldaher.com.br\/plastica\/wp-content\/litespeed\/avatar\/8066cc10441b38f9f1b28973ebaf07e9.jpg?ver=1777469907\",\"caption\":\"Rodrigo Souza\"}}]}<\/script>\n<!-- \/ Yoast SEO plugin. -->","yoast_head_json":{"title":"Cirurgia pl\u00e1stica pode melhorar casos de Paralisia Facial - Dr. Jos\u00e9 Carlos Daher","robots":{"index":"index","follow":"follow","max-snippet":"max-snippet:-1","max-image-preview":"max-image-preview:large","max-video-preview":"max-video-preview:-1"},"canonical":"https:\/\/hospitaldaher.com.br\/plastica\/cirurgia-plastica-pode-melhorar-casos-de-paralisia-facial\/","og_locale":"pt_BR","og_type":"article","og_title":"Cirurgia pl\u00e1stica pode melhorar casos de Paralisia Facial - Dr. Jos\u00e9 Carlos Daher","og_description":"Jos\u00e9 Carlos Daher explica quando o procedimento pode ser feito Choque t\u00e9rmico, traumas decorrentes de acidentes, AIDS, herpes, entre outros problemas podem provocar paralisia facial. Ela ocorre quando existe a perda de movimento de um ou dos dois lados do rosto, ocasionada pela les\u00e3o do nervo da face. Da\u00ed em diante, o sorriso passa a...","og_url":"https:\/\/hospitaldaher.com.br\/plastica\/cirurgia-plastica-pode-melhorar-casos-de-paralisia-facial\/","og_site_name":"Dr. Jos\u00e9 Carlos Daher","article_publisher":"https:\/\/www.facebook.com\/daherplastica\/","article_published_time":"2015-10-02T17:34:10+00:00","article_modified_time":"2017-01-12T17:37:32+00:00","og_image":[{"width":1280,"height":1280,"url":"https:\/\/hospitaldaher.com.br\/plastica\/wp-content\/uploads\/2017\/01\/cirurgiaplastica1.jpg","type":"image\/jpeg"}],"author":"Rodrigo Souza","twitter_card":"summary_large_image","twitter_misc":{"Escrito por":"Rodrigo Souza","Est. tempo de leitura":"2 minutos"},"schema":{"@context":"https:\/\/schema.org","@graph":[{"@type":"NewsArticle","@id":"https:\/\/hospitaldaher.com.br\/plastica\/cirurgia-plastica-pode-melhorar-casos-de-paralisia-facial\/#article","isPartOf":{"@id":"https:\/\/hospitaldaher.com.br\/plastica\/cirurgia-plastica-pode-melhorar-casos-de-paralisia-facial\/"},"author":{"name":"Rodrigo Souza","@id":"https:\/\/hospitaldaher.com.br\/plastica\/#\/schema\/person\/c5815cf777240b18b88be2b1e11beec5"},"headline":"Cirurgia pl\u00e1stica pode melhorar casos de Paralisia Facial","datePublished":"2015-10-02T17:34:10+00:00","dateModified":"2017-01-12T17:37:32+00:00","mainEntityOfPage":{"@id":"https:\/\/hospitaldaher.com.br\/plastica\/cirurgia-plastica-pode-melhorar-casos-de-paralisia-facial\/"},"wordCount":481,"commentCount":4,"publisher":{"@id":"https:\/\/hospitaldaher.com.br\/plastica\/#organization"},"keywords":["cirurgia","face","Jos\u00e9 Carlos Daher","paralisia facial","pl\u00e1stica","rosto","tratamento"],"articleSection":["Not\u00edcias"],"inLanguage":"pt-BR","potentialAction":[{"@type":"CommentAction","name":"Comment","target":["https:\/\/hospitaldaher.com.br\/plastica\/cirurgia-plastica-pode-melhorar-casos-de-paralisia-facial\/#respond"]}]},{"@type":["WebPage","MedicalWebPage"],"@id":"https:\/\/hospitaldaher.com.br\/plastica\/cirurgia-plastica-pode-melhorar-casos-de-paralisia-facial\/","url":"https:\/\/hospitaldaher.com.br\/plastica\/cirurgia-plastica-pode-melhorar-casos-de-paralisia-facial\/","name":"Cirurgia pl\u00e1stica pode melhorar casos de Paralisia Facial - Dr. Jos\u00e9 Carlos Daher","isPartOf":{"@id":"https:\/\/hospitaldaher.com.br\/plastica\/#website"},"datePublished":"2015-10-02T17:34:10+00:00","dateModified":"2017-01-12T17:37:32+00:00","breadcrumb":{"@id":"https:\/\/hospitaldaher.com.br\/plastica\/cirurgia-plastica-pode-melhorar-casos-de-paralisia-facial\/#breadcrumb"},"inLanguage":"pt-BR","potentialAction":[{"@type":"ReadAction","target":["https:\/\/hospitaldaher.com.br\/plastica\/cirurgia-plastica-pode-melhorar-casos-de-paralisia-facial\/"]}]},{"@type":"BreadcrumbList","@id":"https:\/\/hospitaldaher.com.br\/plastica\/cirurgia-plastica-pode-melhorar-casos-de-paralisia-facial\/#breadcrumb","itemListElement":[{"@type":"ListItem","position":1,"name":"In\u00edcio","item":"https:\/\/hospitaldaher.com.br\/plastica\/"},{"@type":"ListItem","position":2,"name":"Cirurgia pl\u00e1stica pode melhorar casos de Paralisia Facial"}]},{"@type":"WebSite","@id":"https:\/\/hospitaldaher.com.br\/plastica\/#website","url":"https:\/\/hospitaldaher.com.br\/plastica\/","name":"Dr. Jos\u00e9 Carlos Daher","description":"Cirurgia Pl\u00e1stica","publisher":{"@id":"https:\/\/hospitaldaher.com.br\/plastica\/#organization"},"potentialAction":[{"@type":"SearchAction","target":{"@type":"EntryPoint","urlTemplate":"https:\/\/hospitaldaher.com.br\/plastica\/?s={search_term_string}"},"query-input":"required name=search_term_string"}],"inLanguage":"pt-BR"},{"@type":"Organization","@id":"https:\/\/hospitaldaher.com.br\/plastica\/#organization","name":"Daher Pl\u00e1stica - Dr. Jos\u00e9 Carlos Daher e Dr. Leonardo Daher","url":"https:\/\/hospitaldaher.com.br\/plastica\/","logo":{"@type":"ImageObject","inLanguage":"pt-BR","@id":"https:\/\/hospitaldaher.com.br\/plastica\/#\/schema\/logo\/image\/","url":"https:\/\/hospitaldaher.com.br\/plastica\/wp-content\/uploads\/2022\/09\/Logo_Jose_Carlos_Daher_em_Brasilia_Black.svg","contentUrl":"https:\/\/hospitaldaher.com.br\/plastica\/wp-content\/uploads\/2022\/09\/Logo_Jose_Carlos_Daher_em_Brasilia_Black.svg","width":"1030","height":"1030","caption":"Daher Pl\u00e1stica - Dr. Jos\u00e9 Carlos Daher e Dr. Leonardo Daher"},"image":{"@id":"https:\/\/hospitaldaher.com.br\/plastica\/#\/schema\/logo\/image\/"},"sameAs":["https:\/\/www.facebook.com\/daherplastica\/","https:\/\/www.instagram.com\/doutor_daher\/"]},{"@type":"Person","@id":"https:\/\/hospitaldaher.com.br\/plastica\/#\/schema\/person\/c5815cf777240b18b88be2b1e11beec5","name":"Rodrigo Souza","image":{"@type":"ImageObject","inLanguage":"pt-BR","@id":"https:\/\/hospitaldaher.com.br\/plastica\/#\/schema\/person\/image\/","url":"https:\/\/hospitaldaher.com.br\/plastica\/wp-content\/litespeed\/avatar\/8066cc10441b38f9f1b28973ebaf07e9.jpg?ver=1777469907","contentUrl":"https:\/\/hospitaldaher.com.br\/plastica\/wp-content\/litespeed\/avatar\/8066cc10441b38f9f1b28973ebaf07e9.jpg?ver=1777469907","caption":"Rodrigo Souza"}}]}},"_links":{"self":[{"href":"https:\/\/hospitaldaher.com.br\/plastica\/wp-json\/wp\/v2\/posts\/4967"}],"collection":[{"href":"https:\/\/hospitaldaher.com.br\/plastica\/wp-json\/wp\/v2\/posts"}],"about":[{"href":"https:\/\/hospitaldaher.com.br\/plastica\/wp-json\/wp\/v2\/types\/post"}],"author":[{"embeddable":true,"href":"https:\/\/hospitaldaher.com.br\/plastica\/wp-json\/wp\/v2\/users\/2"}],"replies":[{"embeddable":true,"href":"https:\/\/hospitaldaher.com.br\/plastica\/wp-json\/wp\/v2\/comments?post=4967"}],"version-history":[{"count":0,"href":"https:\/\/hospitaldaher.com.br\/plastica\/wp-json\/wp\/v2\/posts\/4967\/revisions"}],"wp:featuredmedia":[{"embeddable":true,"href":"https:\/\/hospitaldaher.com.br\/plastica\/wp-json\/wp\/v2\/media\/4968"}],"wp:attachment":[{"href":"https:\/\/hospitaldaher.com.br\/plastica\/wp-json\/wp\/v2\/media?parent=4967"}],"wp:term":[{"taxonomy":"category","embeddable":true,"href":"https:\/\/hospitaldaher.com.br\/plastica\/wp-json\/wp\/v2\/categories?post=4967"},{"taxonomy":"post_tag","embeddable":true,"href":"https:\/\/hospitaldaher.com.br\/plastica\/wp-json\/wp\/v2\/tags?post=4967"}],"curies":[{"name":"wp","href":"https:\/\/api.w.org\/{rel}","templated":true}]}}