{"id":4971,"date":"2015-10-02T17:38:26","date_gmt":"2015-10-02T17:38:26","guid":{"rendered":"http:\/\/hospitaldaher.com.br\/plastica\/?p=4971"},"modified":"2017-01-12T17:41:57","modified_gmt":"2017-01-12T17:41:57","slug":"bichectomia","status":"publish","type":"post","link":"https:\/\/hospitaldaher.com.br\/plastica\/bichectomia\/","title":{"rendered":"Bichectomia"},"content":{"rendered":"<p style=\"text-align: justify;\"><em>Este \u00e9 um termo, talvez pouco adequado para o tratamento da \u2018\u2019bola c\u00e9lulo- adiposa de Bichat.<\/em><\/p>\n<p style=\"text-align: justify;\">Entretanto este tratamento que popularizou-se como bichectomia, refere-se a procedimento cir\u00fargico em que se retira total ou parcialmente o tecido gorduroso profundo que existe nas bochechas e que foi descrito pelo anatomista Bichat. Tem como prop\u00f3sito, fazer o afundamento desta regi\u00e3o, transformando as faces muito redondas em faces mais estreitas, mais encovadas nas laterais, levando mesmo a a um aspecto mais \u2018\u2019triangular\u2019\u2019 do rosto. Serve para descaracterizar as faces redondas, ditas \u2018\u2019em lua cheia\u2019\u2019.<\/p>\n<p style=\"text-align: justify;\">Um dos s\u00edmbolos atuais da beleza de rosto feminino e o da atriz Angelina Jolie, t\u00e3o conhecido pela sua intensa exposi\u00e7\u00e3o intensa na m\u00eddia. Apreciada quer seja pelos seu l\u00e1bios grossos e carnudos, o que se consegue hoje de maneira segura com os enxertos de gordura, quer seja pelo seu rosto com as ma\u00e7\u00e3s salientes e bochechas encovadas, este \u00faltimo efeito conseguido pelo tratamento das bolas c\u00e9lulo adiposas de Bichat.<\/p>\n<p style=\"text-align: justify;\">Este procedimento cir\u00fargico, embora exija profundo e sofisticado conhecimento da anatomia da face, da\u00ed ser um campo exclusivo de a\u00e7\u00e3o dos cirurgi\u00f5es pl\u00e1sticos, \u00e9 muito pouco invasivo e interfere pouqu\u00edssimo no corpo do paciente, por ser de a\u00e7\u00e3o restrita a pequena \u00e1rea, sem perdas sangu\u00edneas e praticamente sem complica\u00e7\u00f5es, desde que executado com maestria.<\/p>\n<p style=\"text-align: justify;\">Pratica-se esta cirurgia por incis\u00e3o de aproximadamente um cm. dentro da boca, junto e posterior \u00e0 arcada dent\u00e1ria superior, e por este acessos o cirurgi\u00e3o identifica e extrai o tecido gorduroso. \u00c9 um ato operat\u00f3rio de curta dura\u00e7\u00e3o (alguns minutos), exclu\u00eddo o ritual de preparo e assepsia do rosto do paciente.<\/p>\n<p style=\"text-align: justify;\">N\u00e3o se trata de procedimento em que o cirurgi\u00e3o possa antever o resultado final, pois ele est\u00e1 limitado \u00e0 quantidade de gordura al\u00ed existente. Se ela for abundante, conseguir-se-\u00e1 um encovamento maior. Se n\u00e3o, conseguir-se-\u00e1 sempre um encovamento , mas talvez menor do que aquele que o paciente sonhou.<\/p>\n<p style=\"text-align: justify;\">Quando se quer complementar este resultado, pode-se lan\u00e7ar m\u00e3o da associa\u00e7\u00e3o da lipoescultura facial, nos moldes do trabalho que publicamos em 1988, demonstrando a \u2018\u2019import\u00e2ncia de se redefinir os contornos faciais atrav\u00e9s da lipoescultura\u2019\u2019, procedimento que praticamos de rotina a mais de 25 anos. Mas esta complementa\u00e7\u00e3o, se necess\u00e1ria, s\u00f3 ser\u00e1 indicada em um segundo tempo, ap\u00f3s ter-se verificado o resultado definitivo da \u2018\u2019bichectomia\u2019\u2019 praticada, o que se verifica de 60 a 90 dias ap\u00f3s o ato operat\u00f3rio (resultado final, pois o resultado imediato \u00e9 percebido imediatamente no trans- operat\u00f3rio).<\/p>\n<p style=\"text-align: justify;\">O p\u00f3s operat\u00f3rio \u00e9 simples, n\u00e3o \u00e9 doloroso e requer apenas uma higiene bucal adequada, com dieta pastosa nos primeiros quatro dias e ap\u00f3s, dieta normal.<\/p>\n<p style=\"text-align: justify;\">Este procedimento j\u00e1 muito praticado a muitos anos associado \u00e0s cirurgias de rejuvenescimento facial e pelo lado externo das bochechas, popularizou-se recentemente pela praticidade do acesso endo bucal, custos menores e aplicabilidade em pacientes jovens, frequentemente insatisfeitas com o contorno muito redondo de seus rostos.<\/p>\n","protected":false},"excerpt":{"rendered":"<p>Este \u00e9 um termo, talvez pouco adequado para o tratamento da \u2018\u2019bola c\u00e9lulo- adiposa de Bichat. Entretanto este tratamento que popularizou-se como bichectomia, refere-se a procedimento cir\u00fargico em que se retira total ou parcialmente o tecido gorduroso profundo que existe nas bochechas e que foi descrito pelo anatomista Bichat. Tem como prop\u00f3sito, fazer o afundamento&#8230;<\/p>\n","protected":false},"author":2,"featured_media":4323,"comment_status":"open","ping_status":"open","sticky":false,"template":"","format":"standard","meta":{"footnotes":""},"categories":[139],"tags":[170,180,169,179,144,164,171],"yoast_head":"<!-- This site is optimized with the Yoast SEO plugin v21.6 - https:\/\/yoast.com\/wordpress\/plugins\/seo\/ -->\n<title>Bichectomia - Dr. Jos\u00e9 Carlos Daher<\/title>\n<meta name=\"robots\" content=\"index, follow, max-snippet:-1, max-image-preview:large, max-video-preview:-1\" \/>\n<link rel=\"canonical\" href=\"https:\/\/hospitaldaher.com.br\/plastica\/bichectomia\/\" \/>\n<meta property=\"og:locale\" content=\"pt_BR\" \/>\n<meta property=\"og:type\" content=\"article\" \/>\n<meta property=\"og:title\" content=\"Bichectomia - Dr. Jos\u00e9 Carlos Daher\" \/>\n<meta property=\"og:description\" content=\"Este \u00e9 um termo, talvez pouco adequado para o tratamento da \u2018\u2019bola c\u00e9lulo- adiposa de Bichat. Entretanto este tratamento que popularizou-se como bichectomia, refere-se a procedimento cir\u00fargico em que se retira total ou parcialmente o tecido gorduroso profundo que existe nas bochechas e que foi descrito pelo anatomista Bichat. Tem como prop\u00f3sito, fazer o afundamento...\" \/>\n<meta property=\"og:url\" content=\"https:\/\/hospitaldaher.com.br\/plastica\/bichectomia\/\" \/>\n<meta property=\"og:site_name\" content=\"Dr. Jos\u00e9 Carlos Daher\" \/>\n<meta property=\"article:publisher\" content=\"https:\/\/www.facebook.com\/daherplastica\/\" \/>\n<meta property=\"article:published_time\" content=\"2015-10-02T17:38:26+00:00\" \/>\n<meta property=\"article:modified_time\" content=\"2017-01-12T17:41:57+00:00\" \/>\n<meta property=\"og:image\" content=\"https:\/\/hospitaldaher.com.br\/plastica\/wp-content\/uploads\/2016\/11\/BGB2-1.jpg\" \/>\n\t<meta property=\"og:image:width\" content=\"1800\" \/>\n\t<meta property=\"og:image:height\" content=\"894\" \/>\n\t<meta property=\"og:image:type\" content=\"image\/jpeg\" \/>\n<meta name=\"author\" content=\"Rodrigo Souza\" \/>\n<meta name=\"twitter:card\" content=\"summary_large_image\" \/>\n<meta name=\"twitter:label1\" content=\"Escrito por\" \/>\n\t<meta name=\"twitter:data1\" content=\"Rodrigo Souza\" \/>\n\t<meta name=\"twitter:label2\" content=\"Est. tempo de leitura\" \/>\n\t<meta name=\"twitter:data2\" content=\"3 minutos\" \/>\n<script type=\"application\/ld+json\" class=\"yoast-schema-graph\">{\"@context\":\"https:\/\/schema.org\",\"@graph\":[{\"@type\":\"NewsArticle\",\"@id\":\"https:\/\/hospitaldaher.com.br\/plastica\/bichectomia\/#article\",\"isPartOf\":{\"@id\":\"https:\/\/hospitaldaher.com.br\/plastica\/bichectomia\/\"},\"author\":{\"name\":\"Rodrigo Souza\",\"@id\":\"https:\/\/hospitaldaher.com.br\/plastica\/#\/schema\/person\/c5815cf777240b18b88be2b1e11beec5\"},\"headline\":\"Bichectomia\",\"datePublished\":\"2015-10-02T17:38:26+00:00\",\"dateModified\":\"2017-01-12T17:41:57+00:00\",\"mainEntityOfPage\":{\"@id\":\"https:\/\/hospitaldaher.com.br\/plastica\/bichectomia\/\"},\"wordCount\":506,\"commentCount\":0,\"publisher\":{\"@id\":\"https:\/\/hospitaldaher.com.br\/plastica\/#organization\"},\"keywords\":[\"bichectomia\",\"bochechas\",\"Bras\u00edlia-DF\",\"face\",\"Jos\u00e9 Carlos Daher\",\"pl\u00e1stica\",\"rosto\"],\"articleSection\":[\"Not\u00edcias\"],\"inLanguage\":\"pt-BR\",\"potentialAction\":[{\"@type\":\"CommentAction\",\"name\":\"Comment\",\"target\":[\"https:\/\/hospitaldaher.com.br\/plastica\/bichectomia\/#respond\"]}]},{\"@type\":[\"WebPage\",\"MedicalWebPage\"],\"@id\":\"https:\/\/hospitaldaher.com.br\/plastica\/bichectomia\/\",\"url\":\"https:\/\/hospitaldaher.com.br\/plastica\/bichectomia\/\",\"name\":\"Bichectomia - Dr. Jos\u00e9 Carlos Daher\",\"isPartOf\":{\"@id\":\"https:\/\/hospitaldaher.com.br\/plastica\/#website\"},\"datePublished\":\"2015-10-02T17:38:26+00:00\",\"dateModified\":\"2017-01-12T17:41:57+00:00\",\"breadcrumb\":{\"@id\":\"https:\/\/hospitaldaher.com.br\/plastica\/bichectomia\/#breadcrumb\"},\"inLanguage\":\"pt-BR\",\"potentialAction\":[{\"@type\":\"ReadAction\",\"target\":[\"https:\/\/hospitaldaher.com.br\/plastica\/bichectomia\/\"]}]},{\"@type\":\"BreadcrumbList\",\"@id\":\"https:\/\/hospitaldaher.com.br\/plastica\/bichectomia\/#breadcrumb\",\"itemListElement\":[{\"@type\":\"ListItem\",\"position\":1,\"name\":\"In\u00edcio\",\"item\":\"https:\/\/hospitaldaher.com.br\/plastica\/\"},{\"@type\":\"ListItem\",\"position\":2,\"name\":\"Bichectomia\"}]},{\"@type\":\"WebSite\",\"@id\":\"https:\/\/hospitaldaher.com.br\/plastica\/#website\",\"url\":\"https:\/\/hospitaldaher.com.br\/plastica\/\",\"name\":\"Dr. Jos\u00e9 Carlos Daher\",\"description\":\"Cirurgia Pl\u00e1stica\",\"publisher\":{\"@id\":\"https:\/\/hospitaldaher.com.br\/plastica\/#organization\"},\"potentialAction\":[{\"@type\":\"SearchAction\",\"target\":{\"@type\":\"EntryPoint\",\"urlTemplate\":\"https:\/\/hospitaldaher.com.br\/plastica\/?s={search_term_string}\"},\"query-input\":\"required name=search_term_string\"}],\"inLanguage\":\"pt-BR\"},{\"@type\":\"Organization\",\"@id\":\"https:\/\/hospitaldaher.com.br\/plastica\/#organization\",\"name\":\"Daher Pl\u00e1stica - Dr. Jos\u00e9 Carlos Daher e Dr. Leonardo Daher\",\"url\":\"https:\/\/hospitaldaher.com.br\/plastica\/\",\"logo\":{\"@type\":\"ImageObject\",\"inLanguage\":\"pt-BR\",\"@id\":\"https:\/\/hospitaldaher.com.br\/plastica\/#\/schema\/logo\/image\/\",\"url\":\"https:\/\/hospitaldaher.com.br\/plastica\/wp-content\/uploads\/2022\/09\/Logo_Jose_Carlos_Daher_em_Brasilia_Black.svg\",\"contentUrl\":\"https:\/\/hospitaldaher.com.br\/plastica\/wp-content\/uploads\/2022\/09\/Logo_Jose_Carlos_Daher_em_Brasilia_Black.svg\",\"width\":\"1030\",\"height\":\"1030\",\"caption\":\"Daher Pl\u00e1stica - Dr. Jos\u00e9 Carlos Daher e Dr. Leonardo Daher\"},\"image\":{\"@id\":\"https:\/\/hospitaldaher.com.br\/plastica\/#\/schema\/logo\/image\/\"},\"sameAs\":[\"https:\/\/www.facebook.com\/daherplastica\/\",\"https:\/\/www.instagram.com\/doutor_daher\/\"]},{\"@type\":\"Person\",\"@id\":\"https:\/\/hospitaldaher.com.br\/plastica\/#\/schema\/person\/c5815cf777240b18b88be2b1e11beec5\",\"name\":\"Rodrigo Souza\",\"image\":{\"@type\":\"ImageObject\",\"inLanguage\":\"pt-BR\",\"@id\":\"https:\/\/hospitaldaher.com.br\/plastica\/#\/schema\/person\/image\/\",\"url\":\"https:\/\/hospitaldaher.com.br\/plastica\/wp-content\/litespeed\/avatar\/8066cc10441b38f9f1b28973ebaf07e9.jpg?ver=1777469907\",\"contentUrl\":\"https:\/\/hospitaldaher.com.br\/plastica\/wp-content\/litespeed\/avatar\/8066cc10441b38f9f1b28973ebaf07e9.jpg?ver=1777469907\",\"caption\":\"Rodrigo Souza\"}}]}<\/script>\n<!-- \/ Yoast SEO plugin. -->","yoast_head_json":{"title":"Bichectomia - Dr. Jos\u00e9 Carlos Daher","robots":{"index":"index","follow":"follow","max-snippet":"max-snippet:-1","max-image-preview":"max-image-preview:large","max-video-preview":"max-video-preview:-1"},"canonical":"https:\/\/hospitaldaher.com.br\/plastica\/bichectomia\/","og_locale":"pt_BR","og_type":"article","og_title":"Bichectomia - Dr. Jos\u00e9 Carlos Daher","og_description":"Este \u00e9 um termo, talvez pouco adequado para o tratamento da \u2018\u2019bola c\u00e9lulo- adiposa de Bichat. Entretanto este tratamento que popularizou-se como bichectomia, refere-se a procedimento cir\u00fargico em que se retira total ou parcialmente o tecido gorduroso profundo que existe nas bochechas e que foi descrito pelo anatomista Bichat. Tem como prop\u00f3sito, fazer o afundamento...","og_url":"https:\/\/hospitaldaher.com.br\/plastica\/bichectomia\/","og_site_name":"Dr. Jos\u00e9 Carlos Daher","article_publisher":"https:\/\/www.facebook.com\/daherplastica\/","article_published_time":"2015-10-02T17:38:26+00:00","article_modified_time":"2017-01-12T17:41:57+00:00","og_image":[{"width":1800,"height":894,"url":"https:\/\/hospitaldaher.com.br\/plastica\/wp-content\/uploads\/2016\/11\/BGB2-1.jpg","type":"image\/jpeg"}],"author":"Rodrigo Souza","twitter_card":"summary_large_image","twitter_misc":{"Escrito por":"Rodrigo Souza","Est. tempo de leitura":"3 minutos"},"schema":{"@context":"https:\/\/schema.org","@graph":[{"@type":"NewsArticle","@id":"https:\/\/hospitaldaher.com.br\/plastica\/bichectomia\/#article","isPartOf":{"@id":"https:\/\/hospitaldaher.com.br\/plastica\/bichectomia\/"},"author":{"name":"Rodrigo Souza","@id":"https:\/\/hospitaldaher.com.br\/plastica\/#\/schema\/person\/c5815cf777240b18b88be2b1e11beec5"},"headline":"Bichectomia","datePublished":"2015-10-02T17:38:26+00:00","dateModified":"2017-01-12T17:41:57+00:00","mainEntityOfPage":{"@id":"https:\/\/hospitaldaher.com.br\/plastica\/bichectomia\/"},"wordCount":506,"commentCount":0,"publisher":{"@id":"https:\/\/hospitaldaher.com.br\/plastica\/#organization"},"keywords":["bichectomia","bochechas","Bras\u00edlia-DF","face","Jos\u00e9 Carlos Daher","pl\u00e1stica","rosto"],"articleSection":["Not\u00edcias"],"inLanguage":"pt-BR","potentialAction":[{"@type":"CommentAction","name":"Comment","target":["https:\/\/hospitaldaher.com.br\/plastica\/bichectomia\/#respond"]}]},{"@type":["WebPage","MedicalWebPage"],"@id":"https:\/\/hospitaldaher.com.br\/plastica\/bichectomia\/","url":"https:\/\/hospitaldaher.com.br\/plastica\/bichectomia\/","name":"Bichectomia - Dr. Jos\u00e9 Carlos Daher","isPartOf":{"@id":"https:\/\/hospitaldaher.com.br\/plastica\/#website"},"datePublished":"2015-10-02T17:38:26+00:00","dateModified":"2017-01-12T17:41:57+00:00","breadcrumb":{"@id":"https:\/\/hospitaldaher.com.br\/plastica\/bichectomia\/#breadcrumb"},"inLanguage":"pt-BR","potentialAction":[{"@type":"ReadAction","target":["https:\/\/hospitaldaher.com.br\/plastica\/bichectomia\/"]}]},{"@type":"BreadcrumbList","@id":"https:\/\/hospitaldaher.com.br\/plastica\/bichectomia\/#breadcrumb","itemListElement":[{"@type":"ListItem","position":1,"name":"In\u00edcio","item":"https:\/\/hospitaldaher.com.br\/plastica\/"},{"@type":"ListItem","position":2,"name":"Bichectomia"}]},{"@type":"WebSite","@id":"https:\/\/hospitaldaher.com.br\/plastica\/#website","url":"https:\/\/hospitaldaher.com.br\/plastica\/","name":"Dr. Jos\u00e9 Carlos Daher","description":"Cirurgia Pl\u00e1stica","publisher":{"@id":"https:\/\/hospitaldaher.com.br\/plastica\/#organization"},"potentialAction":[{"@type":"SearchAction","target":{"@type":"EntryPoint","urlTemplate":"https:\/\/hospitaldaher.com.br\/plastica\/?s={search_term_string}"},"query-input":"required name=search_term_string"}],"inLanguage":"pt-BR"},{"@type":"Organization","@id":"https:\/\/hospitaldaher.com.br\/plastica\/#organization","name":"Daher Pl\u00e1stica - Dr. Jos\u00e9 Carlos Daher e Dr. Leonardo Daher","url":"https:\/\/hospitaldaher.com.br\/plastica\/","logo":{"@type":"ImageObject","inLanguage":"pt-BR","@id":"https:\/\/hospitaldaher.com.br\/plastica\/#\/schema\/logo\/image\/","url":"https:\/\/hospitaldaher.com.br\/plastica\/wp-content\/uploads\/2022\/09\/Logo_Jose_Carlos_Daher_em_Brasilia_Black.svg","contentUrl":"https:\/\/hospitaldaher.com.br\/plastica\/wp-content\/uploads\/2022\/09\/Logo_Jose_Carlos_Daher_em_Brasilia_Black.svg","width":"1030","height":"1030","caption":"Daher Pl\u00e1stica - Dr. Jos\u00e9 Carlos Daher e Dr. Leonardo Daher"},"image":{"@id":"https:\/\/hospitaldaher.com.br\/plastica\/#\/schema\/logo\/image\/"},"sameAs":["https:\/\/www.facebook.com\/daherplastica\/","https:\/\/www.instagram.com\/doutor_daher\/"]},{"@type":"Person","@id":"https:\/\/hospitaldaher.com.br\/plastica\/#\/schema\/person\/c5815cf777240b18b88be2b1e11beec5","name":"Rodrigo Souza","image":{"@type":"ImageObject","inLanguage":"pt-BR","@id":"https:\/\/hospitaldaher.com.br\/plastica\/#\/schema\/person\/image\/","url":"https:\/\/hospitaldaher.com.br\/plastica\/wp-content\/litespeed\/avatar\/8066cc10441b38f9f1b28973ebaf07e9.jpg?ver=1777469907","contentUrl":"https:\/\/hospitaldaher.com.br\/plastica\/wp-content\/litespeed\/avatar\/8066cc10441b38f9f1b28973ebaf07e9.jpg?ver=1777469907","caption":"Rodrigo Souza"}}]}},"_links":{"self":[{"href":"https:\/\/hospitaldaher.com.br\/plastica\/wp-json\/wp\/v2\/posts\/4971"}],"collection":[{"href":"https:\/\/hospitaldaher.com.br\/plastica\/wp-json\/wp\/v2\/posts"}],"about":[{"href":"https:\/\/hospitaldaher.com.br\/plastica\/wp-json\/wp\/v2\/types\/post"}],"author":[{"embeddable":true,"href":"https:\/\/hospitaldaher.com.br\/plastica\/wp-json\/wp\/v2\/users\/2"}],"replies":[{"embeddable":true,"href":"https:\/\/hospitaldaher.com.br\/plastica\/wp-json\/wp\/v2\/comments?post=4971"}],"version-history":[{"count":0,"href":"https:\/\/hospitaldaher.com.br\/plastica\/wp-json\/wp\/v2\/posts\/4971\/revisions"}],"wp:featuredmedia":[{"embeddable":true,"href":"https:\/\/hospitaldaher.com.br\/plastica\/wp-json\/wp\/v2\/media\/4323"}],"wp:attachment":[{"href":"https:\/\/hospitaldaher.com.br\/plastica\/wp-json\/wp\/v2\/media?parent=4971"}],"wp:term":[{"taxonomy":"category","embeddable":true,"href":"https:\/\/hospitaldaher.com.br\/plastica\/wp-json\/wp\/v2\/categories?post=4971"},{"taxonomy":"post_tag","embeddable":true,"href":"https:\/\/hospitaldaher.com.br\/plastica\/wp-json\/wp\/v2\/tags?post=4971"}],"curies":[{"name":"wp","href":"https:\/\/api.w.org\/{rel}","templated":true}]}}