{"id":4978,"date":"2015-01-12T17:48:24","date_gmt":"2015-01-12T17:48:24","guid":{"rendered":"http:\/\/hospitaldaher.com.br\/plastica\/?p=4978"},"modified":"2017-01-12T17:50:33","modified_gmt":"2017-01-12T17:50:33","slug":"jose-carlos-daher-e-convidado-de-honra-em-evento-de-ex-alunos-de-ivo-pitanguy","status":"publish","type":"post","link":"https:\/\/hospitaldaher.com.br\/plastica\/jose-carlos-daher-e-convidado-de-honra-em-evento-de-ex-alunos-de-ivo-pitanguy\/","title":{"rendered":"Jos\u00e9 Carlos Daher \u00e9 convidado de honra em evento de ex-alunos de Ivo Pitanguy"},"content":{"rendered":"<p style=\"text-align: justify;\"><em><a ref=\"magnificPopup\" href=\"http:\/\/hospitaldaher.com.br\/plastica\/wp-content\/uploads\/2014\/07\/unnamed-4.jpg\"><img loading=\"lazy\" decoding=\"async\" class=\"size-medium wp-image-3879 alignleft\" src=\"http:\/\/hospitaldaher.com.br\/plastica\/wp-content\/uploads\/2014\/07\/unnamed-4-300x244.jpg\" alt=\"\" width=\"300\" height=\"244\" srcset=\"https:\/\/hospitaldaher.com.br\/plastica\/wp-content\/uploads\/2014\/07\/unnamed-4-300x244.jpg 300w, https:\/\/hospitaldaher.com.br\/plastica\/wp-content\/uploads\/2014\/07\/unnamed-4-450x366.jpg 450w, https:\/\/hospitaldaher.com.br\/plastica\/wp-content\/uploads\/2014\/07\/unnamed-4.jpg 674w, https:\/\/hospitaldaher.com.br\/plastica\/wp-content\/uploads\/2014\/07\/unnamed-4-150x122.jpg 150w, https:\/\/hospitaldaher.com.br\/plastica\/wp-content\/uploads\/2014\/07\/unnamed-4-550x447.jpg 550w, https:\/\/hospitaldaher.com.br\/plastica\/wp-content\/uploads\/2014\/07\/unnamed-4-566x460.jpg 566w, https:\/\/hospitaldaher.com.br\/plastica\/wp-content\/uploads\/2014\/07\/unnamed-4-443x360.jpg 443w\" sizes=\"(max-width: 300px) 100vw, 300px\" \/><\/a>Encontro ocorreu em Curitiba<\/em><\/p>\n<p style=\"text-align: justify;\">Atual vice-presidente da Associa\u00e7\u00e3o dos Ex-Alunos do Professor Ivo Pitanguy (AExPI), da qual \u00e9 membro fundador, o cirurgi\u00e3o pl\u00e1stico e instituidor do Hospital Daher Lago Sul, Jos\u00e9 Carlos Daher, foi convidado pela AExPI para ministrar uma palestra \u00e0 Comunidade M\u00e9dica do Paran\u00e1, no Hospital do Cajuru, em Curitiba, nos dias 28 e 29 de maio. Durante a exposi\u00e7\u00e3o, o especialista apresentou todo o hist\u00f3rico evolutivo das reconstru\u00e7\u00f5es mam\u00e1rias no Brasil e no mundo, que teve in\u00edcio em 1.972 e foi um marco da hist\u00f3ria da medicina, tendo Jos\u00e9 Carlos Daher como principal protagonista.<\/p>\n<p style=\"text-align: justify;\">Os cerca de 200 cirurgi\u00f5es presentes puderam aprender mais sobre algumas t\u00e9cnicas desenvolvidas pelo especialista, dentre elas, a dos \u201cretalhos em ilha das mamas\u201d, publicada nos Estados Unidos em 1.992. O m\u00e9todo consiste em reconstruir amputa\u00e7\u00f5es mam\u00e1rias parciais, na mesma cirurgia de retirada de tumores. O procedimento permite a restaura\u00e7\u00e3o do seio de forma muito menos mutilante, proporcionando uma enorme contribui\u00e7\u00e3o \u00e0 melhora da autoestima das pacientes com doen\u00e7as da mama.<\/p>\n<p style=\"text-align: justify;\">Para Jos\u00e9 Carlos Daher, os encontros com os ex-alunos s\u00e3o de extrema import\u00e2ncia, j\u00e1 que permitem o compartilhamento de t\u00e9cnicas e experi\u00eancias exitosas entre si. \u201cEsses eventos, al\u00e9m de colaborarem com a multiplica\u00e7\u00e3o do conhecimento, proporcionam o di\u00e1logo com profissionais mais jovens, que sempre trazem uma vis\u00e3o diferente e inovadora dos procedimentos j\u00e1 consagrados\u201d, explica o cirurgi\u00e3o pl\u00e1stico.<\/p>\n<h4 style=\"text-align: justify;\"><strong><a ref=\"magnificPopup\" href=\"http:\/\/www.hospitaldaher.com.br\/daher\/wp-content\/uploads\/2015\/06\/foto_daher_pitanguy.jpg\"><img loading=\"lazy\" decoding=\"async\" class=\" size-full wp-image-9755 alignleft\" src=\"http:\/\/www.hospitaldaher.com.br\/daher\/wp-content\/uploads\/2015\/06\/foto_daher_pitanguy.jpg\" alt=\"foto_daher_pitanguy\" width=\"264\" height=\"264\" \/><\/a>Sobre a associa\u00e7\u00e3o<\/strong><\/h4>\n<p style=\"text-align: justify;\">A Associa\u00e7\u00e3o dos Ex-Alunos do Professor Ivo Pitanguy \u00e9 uma sociedade civil, sem fins lucrativos, que tem como objetivo propiciar um interc\u00e2mbio cient\u00edfico e social constante entre os integrantes do Curso de P\u00f3s-gradua\u00e7\u00e3o em cirurgia pl\u00e1stica do Professor Ivo Pitanguy.<\/p>\n<p style=\"text-align: justify;\">A AExPI foi fundada no dia 21 de janeiro de 1974 e est\u00e1 presente em mais de 30 pa\u00edses, representando os interesses comuns dos cirurgi\u00f5es pl\u00e1sticos egressos do servi\u00e7o do Prof. Pitanguy, espalhados em todo o mundo.<\/p>\n","protected":false},"excerpt":{"rendered":"<p>Encontro ocorreu em Curitiba Atual vice-presidente da Associa\u00e7\u00e3o dos Ex-Alunos do Professor Ivo Pitanguy (AExPI), da qual \u00e9 membro fundador, o cirurgi\u00e3o pl\u00e1stico e instituidor do Hospital Daher Lago Sul, Jos\u00e9 Carlos Daher, foi convidado pela AExPI para ministrar uma palestra \u00e0 Comunidade M\u00e9dica do Paran\u00e1, no Hospital do Cajuru, em Curitiba, nos dias 28&#8230;<\/p>\n","protected":false},"author":2,"featured_media":0,"comment_status":"open","ping_status":"open","sticky":false,"template":"","format":"standard","meta":{"footnotes":""},"categories":[139],"tags":[182,181,144],"yoast_head":"<!-- This site is optimized with the Yoast SEO plugin v21.6 - https:\/\/yoast.com\/wordpress\/plugins\/seo\/ -->\n<title>Jos\u00e9 Carlos Daher \u00e9 convidado de honra em evento de ex-alunos de Ivo Pitanguy - Dr. Jos\u00e9 Carlos Daher<\/title>\n<meta name=\"robots\" content=\"index, follow, max-snippet:-1, max-image-preview:large, max-video-preview:-1\" \/>\n<link rel=\"canonical\" href=\"https:\/\/hospitaldaher.com.br\/plastica\/jose-carlos-daher-e-convidado-de-honra-em-evento-de-ex-alunos-de-ivo-pitanguy\/\" \/>\n<meta property=\"og:locale\" content=\"pt_BR\" \/>\n<meta property=\"og:type\" content=\"article\" \/>\n<meta property=\"og:title\" content=\"Jos\u00e9 Carlos Daher \u00e9 convidado de honra em evento de ex-alunos de Ivo Pitanguy - Dr. Jos\u00e9 Carlos Daher\" \/>\n<meta property=\"og:description\" content=\"Encontro ocorreu em Curitiba Atual vice-presidente da Associa\u00e7\u00e3o dos Ex-Alunos do Professor Ivo Pitanguy (AExPI), da qual \u00e9 membro fundador, o cirurgi\u00e3o pl\u00e1stico e instituidor do Hospital Daher Lago Sul, Jos\u00e9 Carlos Daher, foi convidado pela AExPI para ministrar uma palestra \u00e0 Comunidade M\u00e9dica do Paran\u00e1, no Hospital do Cajuru, em Curitiba, nos dias 28...\" \/>\n<meta property=\"og:url\" content=\"https:\/\/hospitaldaher.com.br\/plastica\/jose-carlos-daher-e-convidado-de-honra-em-evento-de-ex-alunos-de-ivo-pitanguy\/\" \/>\n<meta property=\"og:site_name\" content=\"Dr. Jos\u00e9 Carlos Daher\" \/>\n<meta property=\"article:publisher\" content=\"https:\/\/www.facebook.com\/daherplastica\/\" \/>\n<meta property=\"article:published_time\" content=\"2015-01-12T17:48:24+00:00\" \/>\n<meta property=\"article:modified_time\" content=\"2017-01-12T17:50:33+00:00\" \/>\n<meta property=\"og:image\" content=\"http:\/\/hospitaldaher.com.br\/plastica\/wp-content\/uploads\/2014\/07\/unnamed-4-300x244.jpg\" \/>\n<meta name=\"author\" content=\"Rodrigo Souza\" \/>\n<meta name=\"twitter:card\" content=\"summary_large_image\" \/>\n<meta name=\"twitter:label1\" content=\"Escrito por\" \/>\n\t<meta name=\"twitter:data1\" content=\"Rodrigo Souza\" \/>\n\t<meta name=\"twitter:label2\" content=\"Est. tempo de leitura\" \/>\n\t<meta name=\"twitter:data2\" content=\"2 minutos\" \/>\n<script type=\"application\/ld+json\" class=\"yoast-schema-graph\">{\"@context\":\"https:\/\/schema.org\",\"@graph\":[{\"@type\":\"NewsArticle\",\"@id\":\"https:\/\/hospitaldaher.com.br\/plastica\/jose-carlos-daher-e-convidado-de-honra-em-evento-de-ex-alunos-de-ivo-pitanguy\/#article\",\"isPartOf\":{\"@id\":\"https:\/\/hospitaldaher.com.br\/plastica\/jose-carlos-daher-e-convidado-de-honra-em-evento-de-ex-alunos-de-ivo-pitanguy\/\"},\"author\":{\"name\":\"Rodrigo Souza\",\"@id\":\"https:\/\/hospitaldaher.com.br\/plastica\/#\/schema\/person\/c5815cf777240b18b88be2b1e11beec5\"},\"headline\":\"Jos\u00e9 Carlos Daher \u00e9 convidado de honra em evento de ex-alunos de Ivo Pitanguy\",\"datePublished\":\"2015-01-12T17:48:24+00:00\",\"dateModified\":\"2017-01-12T17:50:33+00:00\",\"mainEntityOfPage\":{\"@id\":\"https:\/\/hospitaldaher.com.br\/plastica\/jose-carlos-daher-e-convidado-de-honra-em-evento-de-ex-alunos-de-ivo-pitanguy\/\"},\"wordCount\":346,\"commentCount\":0,\"publisher\":{\"@id\":\"https:\/\/hospitaldaher.com.br\/plastica\/#organization\"},\"keywords\":[\"associa\u00e7\u00e3o\",\"Ivo Pitanguy\",\"Jos\u00e9 Carlos Daher\"],\"articleSection\":[\"Not\u00edcias\"],\"inLanguage\":\"pt-BR\",\"potentialAction\":[{\"@type\":\"CommentAction\",\"name\":\"Comment\",\"target\":[\"https:\/\/hospitaldaher.com.br\/plastica\/jose-carlos-daher-e-convidado-de-honra-em-evento-de-ex-alunos-de-ivo-pitanguy\/#respond\"]}]},{\"@type\":[\"WebPage\",\"MedicalWebPage\"],\"@id\":\"https:\/\/hospitaldaher.com.br\/plastica\/jose-carlos-daher-e-convidado-de-honra-em-evento-de-ex-alunos-de-ivo-pitanguy\/\",\"url\":\"https:\/\/hospitaldaher.com.br\/plastica\/jose-carlos-daher-e-convidado-de-honra-em-evento-de-ex-alunos-de-ivo-pitanguy\/\",\"name\":\"Jos\u00e9 Carlos Daher \u00e9 convidado de honra em evento de ex-alunos de Ivo Pitanguy - Dr. Jos\u00e9 Carlos Daher\",\"isPartOf\":{\"@id\":\"https:\/\/hospitaldaher.com.br\/plastica\/#website\"},\"datePublished\":\"2015-01-12T17:48:24+00:00\",\"dateModified\":\"2017-01-12T17:50:33+00:00\",\"breadcrumb\":{\"@id\":\"https:\/\/hospitaldaher.com.br\/plastica\/jose-carlos-daher-e-convidado-de-honra-em-evento-de-ex-alunos-de-ivo-pitanguy\/#breadcrumb\"},\"inLanguage\":\"pt-BR\",\"potentialAction\":[{\"@type\":\"ReadAction\",\"target\":[\"https:\/\/hospitaldaher.com.br\/plastica\/jose-carlos-daher-e-convidado-de-honra-em-evento-de-ex-alunos-de-ivo-pitanguy\/\"]}]},{\"@type\":\"BreadcrumbList\",\"@id\":\"https:\/\/hospitaldaher.com.br\/plastica\/jose-carlos-daher-e-convidado-de-honra-em-evento-de-ex-alunos-de-ivo-pitanguy\/#breadcrumb\",\"itemListElement\":[{\"@type\":\"ListItem\",\"position\":1,\"name\":\"In\u00edcio\",\"item\":\"https:\/\/hospitaldaher.com.br\/plastica\/\"},{\"@type\":\"ListItem\",\"position\":2,\"name\":\"Jos\u00e9 Carlos Daher \u00e9 convidado de honra em evento de ex-alunos de Ivo Pitanguy\"}]},{\"@type\":\"WebSite\",\"@id\":\"https:\/\/hospitaldaher.com.br\/plastica\/#website\",\"url\":\"https:\/\/hospitaldaher.com.br\/plastica\/\",\"name\":\"Dr. Jos\u00e9 Carlos Daher\",\"description\":\"Cirurgia Pl\u00e1stica\",\"publisher\":{\"@id\":\"https:\/\/hospitaldaher.com.br\/plastica\/#organization\"},\"potentialAction\":[{\"@type\":\"SearchAction\",\"target\":{\"@type\":\"EntryPoint\",\"urlTemplate\":\"https:\/\/hospitaldaher.com.br\/plastica\/?s={search_term_string}\"},\"query-input\":\"required name=search_term_string\"}],\"inLanguage\":\"pt-BR\"},{\"@type\":\"Organization\",\"@id\":\"https:\/\/hospitaldaher.com.br\/plastica\/#organization\",\"name\":\"Daher Pl\u00e1stica - Dr. Jos\u00e9 Carlos Daher e Dr. Leonardo Daher\",\"url\":\"https:\/\/hospitaldaher.com.br\/plastica\/\",\"logo\":{\"@type\":\"ImageObject\",\"inLanguage\":\"pt-BR\",\"@id\":\"https:\/\/hospitaldaher.com.br\/plastica\/#\/schema\/logo\/image\/\",\"url\":\"https:\/\/hospitaldaher.com.br\/plastica\/wp-content\/uploads\/2022\/09\/Logo_Jose_Carlos_Daher_em_Brasilia_Black.svg\",\"contentUrl\":\"https:\/\/hospitaldaher.com.br\/plastica\/wp-content\/uploads\/2022\/09\/Logo_Jose_Carlos_Daher_em_Brasilia_Black.svg\",\"width\":\"1030\",\"height\":\"1030\",\"caption\":\"Daher Pl\u00e1stica - Dr. Jos\u00e9 Carlos Daher e Dr. Leonardo Daher\"},\"image\":{\"@id\":\"https:\/\/hospitaldaher.com.br\/plastica\/#\/schema\/logo\/image\/\"},\"sameAs\":[\"https:\/\/www.facebook.com\/daherplastica\/\",\"https:\/\/www.instagram.com\/doutor_daher\/\"]},{\"@type\":\"Person\",\"@id\":\"https:\/\/hospitaldaher.com.br\/plastica\/#\/schema\/person\/c5815cf777240b18b88be2b1e11beec5\",\"name\":\"Rodrigo Souza\",\"image\":{\"@type\":\"ImageObject\",\"inLanguage\":\"pt-BR\",\"@id\":\"https:\/\/hospitaldaher.com.br\/plastica\/#\/schema\/person\/image\/\",\"url\":\"https:\/\/hospitaldaher.com.br\/plastica\/wp-content\/litespeed\/avatar\/8066cc10441b38f9f1b28973ebaf07e9.jpg?ver=1777469907\",\"contentUrl\":\"https:\/\/hospitaldaher.com.br\/plastica\/wp-content\/litespeed\/avatar\/8066cc10441b38f9f1b28973ebaf07e9.jpg?ver=1777469907\",\"caption\":\"Rodrigo Souza\"}}]}<\/script>\n<!-- \/ Yoast SEO plugin. -->","yoast_head_json":{"title":"Jos\u00e9 Carlos Daher \u00e9 convidado de honra em evento de ex-alunos de Ivo Pitanguy - Dr. Jos\u00e9 Carlos Daher","robots":{"index":"index","follow":"follow","max-snippet":"max-snippet:-1","max-image-preview":"max-image-preview:large","max-video-preview":"max-video-preview:-1"},"canonical":"https:\/\/hospitaldaher.com.br\/plastica\/jose-carlos-daher-e-convidado-de-honra-em-evento-de-ex-alunos-de-ivo-pitanguy\/","og_locale":"pt_BR","og_type":"article","og_title":"Jos\u00e9 Carlos Daher \u00e9 convidado de honra em evento de ex-alunos de Ivo Pitanguy - Dr. Jos\u00e9 Carlos Daher","og_description":"Encontro ocorreu em Curitiba Atual vice-presidente da Associa\u00e7\u00e3o dos Ex-Alunos do Professor Ivo Pitanguy (AExPI), da qual \u00e9 membro fundador, o cirurgi\u00e3o pl\u00e1stico e instituidor do Hospital Daher Lago Sul, Jos\u00e9 Carlos Daher, foi convidado pela AExPI para ministrar uma palestra \u00e0 Comunidade M\u00e9dica do Paran\u00e1, no Hospital do Cajuru, em Curitiba, nos dias 28...","og_url":"https:\/\/hospitaldaher.com.br\/plastica\/jose-carlos-daher-e-convidado-de-honra-em-evento-de-ex-alunos-de-ivo-pitanguy\/","og_site_name":"Dr. Jos\u00e9 Carlos Daher","article_publisher":"https:\/\/www.facebook.com\/daherplastica\/","article_published_time":"2015-01-12T17:48:24+00:00","article_modified_time":"2017-01-12T17:50:33+00:00","og_image":[{"url":"http:\/\/hospitaldaher.com.br\/plastica\/wp-content\/uploads\/2014\/07\/unnamed-4-300x244.jpg"}],"author":"Rodrigo Souza","twitter_card":"summary_large_image","twitter_misc":{"Escrito por":"Rodrigo Souza","Est. tempo de leitura":"2 minutos"},"schema":{"@context":"https:\/\/schema.org","@graph":[{"@type":"NewsArticle","@id":"https:\/\/hospitaldaher.com.br\/plastica\/jose-carlos-daher-e-convidado-de-honra-em-evento-de-ex-alunos-de-ivo-pitanguy\/#article","isPartOf":{"@id":"https:\/\/hospitaldaher.com.br\/plastica\/jose-carlos-daher-e-convidado-de-honra-em-evento-de-ex-alunos-de-ivo-pitanguy\/"},"author":{"name":"Rodrigo Souza","@id":"https:\/\/hospitaldaher.com.br\/plastica\/#\/schema\/person\/c5815cf777240b18b88be2b1e11beec5"},"headline":"Jos\u00e9 Carlos Daher \u00e9 convidado de honra em evento de ex-alunos de Ivo Pitanguy","datePublished":"2015-01-12T17:48:24+00:00","dateModified":"2017-01-12T17:50:33+00:00","mainEntityOfPage":{"@id":"https:\/\/hospitaldaher.com.br\/plastica\/jose-carlos-daher-e-convidado-de-honra-em-evento-de-ex-alunos-de-ivo-pitanguy\/"},"wordCount":346,"commentCount":0,"publisher":{"@id":"https:\/\/hospitaldaher.com.br\/plastica\/#organization"},"keywords":["associa\u00e7\u00e3o","Ivo Pitanguy","Jos\u00e9 Carlos Daher"],"articleSection":["Not\u00edcias"],"inLanguage":"pt-BR","potentialAction":[{"@type":"CommentAction","name":"Comment","target":["https:\/\/hospitaldaher.com.br\/plastica\/jose-carlos-daher-e-convidado-de-honra-em-evento-de-ex-alunos-de-ivo-pitanguy\/#respond"]}]},{"@type":["WebPage","MedicalWebPage"],"@id":"https:\/\/hospitaldaher.com.br\/plastica\/jose-carlos-daher-e-convidado-de-honra-em-evento-de-ex-alunos-de-ivo-pitanguy\/","url":"https:\/\/hospitaldaher.com.br\/plastica\/jose-carlos-daher-e-convidado-de-honra-em-evento-de-ex-alunos-de-ivo-pitanguy\/","name":"Jos\u00e9 Carlos Daher \u00e9 convidado de honra em evento de ex-alunos de Ivo Pitanguy - Dr. Jos\u00e9 Carlos Daher","isPartOf":{"@id":"https:\/\/hospitaldaher.com.br\/plastica\/#website"},"datePublished":"2015-01-12T17:48:24+00:00","dateModified":"2017-01-12T17:50:33+00:00","breadcrumb":{"@id":"https:\/\/hospitaldaher.com.br\/plastica\/jose-carlos-daher-e-convidado-de-honra-em-evento-de-ex-alunos-de-ivo-pitanguy\/#breadcrumb"},"inLanguage":"pt-BR","potentialAction":[{"@type":"ReadAction","target":["https:\/\/hospitaldaher.com.br\/plastica\/jose-carlos-daher-e-convidado-de-honra-em-evento-de-ex-alunos-de-ivo-pitanguy\/"]}]},{"@type":"BreadcrumbList","@id":"https:\/\/hospitaldaher.com.br\/plastica\/jose-carlos-daher-e-convidado-de-honra-em-evento-de-ex-alunos-de-ivo-pitanguy\/#breadcrumb","itemListElement":[{"@type":"ListItem","position":1,"name":"In\u00edcio","item":"https:\/\/hospitaldaher.com.br\/plastica\/"},{"@type":"ListItem","position":2,"name":"Jos\u00e9 Carlos Daher \u00e9 convidado de honra em evento de ex-alunos de Ivo Pitanguy"}]},{"@type":"WebSite","@id":"https:\/\/hospitaldaher.com.br\/plastica\/#website","url":"https:\/\/hospitaldaher.com.br\/plastica\/","name":"Dr. Jos\u00e9 Carlos Daher","description":"Cirurgia Pl\u00e1stica","publisher":{"@id":"https:\/\/hospitaldaher.com.br\/plastica\/#organization"},"potentialAction":[{"@type":"SearchAction","target":{"@type":"EntryPoint","urlTemplate":"https:\/\/hospitaldaher.com.br\/plastica\/?s={search_term_string}"},"query-input":"required name=search_term_string"}],"inLanguage":"pt-BR"},{"@type":"Organization","@id":"https:\/\/hospitaldaher.com.br\/plastica\/#organization","name":"Daher Pl\u00e1stica - Dr. Jos\u00e9 Carlos Daher e Dr. Leonardo Daher","url":"https:\/\/hospitaldaher.com.br\/plastica\/","logo":{"@type":"ImageObject","inLanguage":"pt-BR","@id":"https:\/\/hospitaldaher.com.br\/plastica\/#\/schema\/logo\/image\/","url":"https:\/\/hospitaldaher.com.br\/plastica\/wp-content\/uploads\/2022\/09\/Logo_Jose_Carlos_Daher_em_Brasilia_Black.svg","contentUrl":"https:\/\/hospitaldaher.com.br\/plastica\/wp-content\/uploads\/2022\/09\/Logo_Jose_Carlos_Daher_em_Brasilia_Black.svg","width":"1030","height":"1030","caption":"Daher Pl\u00e1stica - Dr. Jos\u00e9 Carlos Daher e Dr. Leonardo Daher"},"image":{"@id":"https:\/\/hospitaldaher.com.br\/plastica\/#\/schema\/logo\/image\/"},"sameAs":["https:\/\/www.facebook.com\/daherplastica\/","https:\/\/www.instagram.com\/doutor_daher\/"]},{"@type":"Person","@id":"https:\/\/hospitaldaher.com.br\/plastica\/#\/schema\/person\/c5815cf777240b18b88be2b1e11beec5","name":"Rodrigo Souza","image":{"@type":"ImageObject","inLanguage":"pt-BR","@id":"https:\/\/hospitaldaher.com.br\/plastica\/#\/schema\/person\/image\/","url":"https:\/\/hospitaldaher.com.br\/plastica\/wp-content\/litespeed\/avatar\/8066cc10441b38f9f1b28973ebaf07e9.jpg?ver=1777469907","contentUrl":"https:\/\/hospitaldaher.com.br\/plastica\/wp-content\/litespeed\/avatar\/8066cc10441b38f9f1b28973ebaf07e9.jpg?ver=1777469907","caption":"Rodrigo Souza"}}]}},"_links":{"self":[{"href":"https:\/\/hospitaldaher.com.br\/plastica\/wp-json\/wp\/v2\/posts\/4978"}],"collection":[{"href":"https:\/\/hospitaldaher.com.br\/plastica\/wp-json\/wp\/v2\/posts"}],"about":[{"href":"https:\/\/hospitaldaher.com.br\/plastica\/wp-json\/wp\/v2\/types\/post"}],"author":[{"embeddable":true,"href":"https:\/\/hospitaldaher.com.br\/plastica\/wp-json\/wp\/v2\/users\/2"}],"replies":[{"embeddable":true,"href":"https:\/\/hospitaldaher.com.br\/plastica\/wp-json\/wp\/v2\/comments?post=4978"}],"version-history":[{"count":0,"href":"https:\/\/hospitaldaher.com.br\/plastica\/wp-json\/wp\/v2\/posts\/4978\/revisions"}],"wp:attachment":[{"href":"https:\/\/hospitaldaher.com.br\/plastica\/wp-json\/wp\/v2\/media?parent=4978"}],"wp:term":[{"taxonomy":"category","embeddable":true,"href":"https:\/\/hospitaldaher.com.br\/plastica\/wp-json\/wp\/v2\/categories?post=4978"},{"taxonomy":"post_tag","embeddable":true,"href":"https:\/\/hospitaldaher.com.br\/plastica\/wp-json\/wp\/v2\/tags?post=4978"}],"curies":[{"name":"wp","href":"https:\/\/api.w.org\/{rel}","templated":true}]}}