{"id":4989,"date":"2015-03-10T17:59:55","date_gmt":"2015-03-10T17:59:55","guid":{"rendered":"http:\/\/hospitaldaher.com.br\/plastica\/?p=4989"},"modified":"2017-01-12T18:03:36","modified_gmt":"2017-01-12T18:03:36","slug":"proteses-realistas-substituem-orelhas-deformadas","status":"publish","type":"post","link":"https:\/\/hospitaldaher.com.br\/plastica\/proteses-realistas-substituem-orelhas-deformadas\/","title":{"rendered":"Pr\u00f3teses realistas substituem orelhas deformadas"},"content":{"rendered":"<h4 style=\"text-align: justify;\">T\u00e9cnica tem sido aplicada com sucesso em pacientes com microtia<\/h4>\n<p style=\"text-align: justify;\">Um em cada seis mil beb\u00eas que nascem no mundo t\u00eam microtia,\u00a0uma anomalia cong\u00eanita que faz com que uma ou duas orelhas\u00a0sejam subdesenvolvidas.<\/p>\n<p style=\"text-align: justify;\">Essas anomalias n\u00e3o t\u00eam causas conhecidas, mas s\u00e3o associadas a altera\u00e7\u00f5es gen\u00e9ticas, sendo que,\u00a0em 90% dos casos, v\u00eam acompanhadas de s\u00edndromes que causam deformidades em outras partes do corpo,\u00a0como\u00a0 face, cora\u00e7\u00e3o, t\u00f3rax, membros superiores e inferiores.<\/p>\n<p style=\"text-align: justify;\">A doen\u00e7a\u00a0\u00e9 classificada em 4\u00a0graus de gravidade:<\/p>\n<p style=\"text-align: justify;\">\u00a0&#8211; Grau I:\u00a0existe o\u00a0desenvolvimento normal do canal auditivo, mas\u00a0 o pavilh\u00e3o auricular \u00e9 incompleto;<\/p>\n<p style=\"text-align: justify;\">&#8211; Grau II:\u00a0a orelha \u00e9\u00a0parcialmente desenvolvida, mas com canal auditivo estreitado, resultando em consider\u00e1vel perda auditiva;<\/p>\n<p style=\"text-align: justify;\">&#8211; Grau III:\u00a0esta \u00e9 a forma mais comum de microtia. Nela,\u00a0o pavilh\u00e3o auricular \u00e9 ausente, apresentando somente uma pequena estrutura. O canal auditivo, bem como o t\u00edmpano, tamb\u00e9m n\u00e3o est\u00e3o presentes;<\/p>\n<p style=\"text-align: justify;\">&#8211; Grau IV: neste caso, n\u00e3o existe orelha nem canal auditivo.<\/p>\n<p style=\"text-align: justify;\">O tratamento da microtia pode ser realizado de tr\u00eas formas:\u00a0com a\u00a0reconstru\u00e7\u00e3o com molde cartilaginoso, onde\u00a0cartilagens e ossos\u00a0do pr\u00f3prio corpo\u00a0s\u00e3o utilizados, \u00f3rtese, que \u00e9 a inser\u00e7\u00e3o de uma pr\u00f3tese externa e a\u00a0reconstru\u00e7\u00e3o de toda a orelha com um molde prot\u00e9tico, que garante um n\u00edvel de perfei\u00e7\u00e3o bem realista.<\/p>\n<p style=\"text-align: justify;\">Segundo\u00a0o cirurgi\u00e3o pl\u00e1stico e fundador do Hospital Daher, Jos\u00e9 Carlos\u00a0Daher, a cirurgia tradicional, utilizando materiais corp\u00f3reos,\u00a0\u00e9 extremamente complexa, apresentando resultados discretos. &#8220;Dificilmente o profissional vai conseguir restabelecer o aparelho auditivo de forma perfeita. Mesmo assim \u00e9 importante que\u00a0a crian\u00e7a\u00a0fa\u00e7a a cirurgia, j\u00e1 que qualquer melhoria vai impactar na autoestima&#8221;, aconselha. O m\u00e9dico tamb\u00e9m explica que essa cirurgia pode come\u00e7ar a ser feita a partir dos quatro anos de idade, quando a cartilagem da orelha j\u00e1 \u00e9 est\u00e1vel o suficiente para a corre\u00e7\u00e3o, mas, posteriormente, outras interven\u00e7\u00f5es ser\u00e3o necess\u00e1rias. &#8220;\u00c9 importante fazer a cirurgia em tr\u00eas ou quatro tempos, para que o resultado fique mais pr\u00f3ximo ao esperado&#8221;, explica.<\/p>\n<p style=\"text-align: justify;\">Entretanto a substitui\u00e7\u00e3o do processo cir\u00fargico por uma reposi\u00e7\u00e3o total por meio de pr\u00f3teses ou \u00f3rteses \u00e9 a mais indicada pelo especialista. \u201c\u00c9 fundamental hoje em dia, como substitui\u00e7\u00e3o, ao inv\u00e9s de cirurgia,\u00a0 fazer a reposi\u00e7\u00e3o total por pr\u00f3tese ou \u00f3rtese. \u00c9 poss\u00edvel desenvolver uma arte, j\u00e1 que os materiais pl\u00e1sticos s\u00e3o uma perfei\u00e7\u00e3o\u201d, explica Daher.<\/p>\n<p style=\"text-align: justify;\">Entre as vantagens indiscut\u00edveis das pr\u00f3teses est\u00e3o a rapidez, seguran\u00e7a e integra\u00e7\u00e3o do molde ao canal auditivo, n\u00e3o representando nenhum desafio cir\u00fargico.<\/p>\n<p style=\"text-align: justify;\">Entre as desvantagens est\u00e3o a possibilidade da perda, que \u00e9 m\u00ednima, e o fato de n\u00e3o mudar de cor com a varia\u00e7\u00e3o das esta\u00e7\u00f5es.<\/p>\n","protected":false},"excerpt":{"rendered":"<p>T\u00e9cnica tem sido aplicada com sucesso em pacientes com microtia Um em cada seis mil beb\u00eas que nascem no mundo t\u00eam microtia,\u00a0uma anomalia cong\u00eanita que faz com que uma ou duas orelhas\u00a0sejam subdesenvolvidas. Essas anomalias n\u00e3o t\u00eam causas conhecidas, mas s\u00e3o associadas a altera\u00e7\u00f5es gen\u00e9ticas, sendo que,\u00a0em 90% dos casos, v\u00eam acompanhadas de s\u00edndromes que&#8230;<\/p>\n","protected":false},"author":2,"featured_media":4990,"comment_status":"open","ping_status":"open","sticky":false,"template":"","format":"standard","meta":{"footnotes":""},"categories":[139],"tags":[169,163,187,142,144,186,164],"yoast_head":"<!-- This site is optimized with the Yoast SEO plugin v21.6 - https:\/\/yoast.com\/wordpress\/plugins\/seo\/ -->\n<title>Pr\u00f3teses realistas substituem orelhas deformadas - Dr. Jos\u00e9 Carlos Daher<\/title>\n<meta name=\"robots\" content=\"index, follow, max-snippet:-1, max-image-preview:large, max-video-preview:-1\" \/>\n<link rel=\"canonical\" href=\"https:\/\/hospitaldaher.com.br\/plastica\/proteses-realistas-substituem-orelhas-deformadas\/\" \/>\n<meta property=\"og:locale\" content=\"pt_BR\" \/>\n<meta property=\"og:type\" content=\"article\" \/>\n<meta property=\"og:title\" content=\"Pr\u00f3teses realistas substituem orelhas deformadas - Dr. Jos\u00e9 Carlos Daher\" \/>\n<meta property=\"og:description\" content=\"T\u00e9cnica tem sido aplicada com sucesso em pacientes com microtia Um em cada seis mil beb\u00eas que nascem no mundo t\u00eam microtia,\u00a0uma anomalia cong\u00eanita que faz com que uma ou duas orelhas\u00a0sejam subdesenvolvidas. Essas anomalias n\u00e3o t\u00eam causas conhecidas, mas s\u00e3o associadas a altera\u00e7\u00f5es gen\u00e9ticas, sendo que,\u00a0em 90% dos casos, v\u00eam acompanhadas de s\u00edndromes que...\" \/>\n<meta property=\"og:url\" content=\"https:\/\/hospitaldaher.com.br\/plastica\/proteses-realistas-substituem-orelhas-deformadas\/\" \/>\n<meta property=\"og:site_name\" content=\"Dr. Jos\u00e9 Carlos Daher\" \/>\n<meta property=\"article:publisher\" content=\"https:\/\/www.facebook.com\/daherplastica\/\" \/>\n<meta property=\"article:published_time\" content=\"2015-03-10T17:59:55+00:00\" \/>\n<meta property=\"article:modified_time\" content=\"2017-01-12T18:03:36+00:00\" \/>\n<meta property=\"og:image\" content=\"https:\/\/hospitaldaher.com.br\/plastica\/wp-content\/uploads\/2017\/01\/MG_6472_FotoElianeDiscacciati-1030x687.jpg\" \/>\n\t<meta property=\"og:image:width\" content=\"1030\" \/>\n\t<meta property=\"og:image:height\" content=\"687\" \/>\n\t<meta property=\"og:image:type\" content=\"image\/jpeg\" \/>\n<meta name=\"author\" content=\"Rodrigo Souza\" \/>\n<meta name=\"twitter:card\" content=\"summary_large_image\" \/>\n<meta name=\"twitter:label1\" content=\"Escrito por\" \/>\n\t<meta name=\"twitter:data1\" content=\"Rodrigo Souza\" \/>\n\t<meta name=\"twitter:label2\" content=\"Est. tempo de leitura\" \/>\n\t<meta name=\"twitter:data2\" content=\"2 minutos\" \/>\n<script type=\"application\/ld+json\" class=\"yoast-schema-graph\">{\"@context\":\"https:\/\/schema.org\",\"@graph\":[{\"@type\":\"NewsArticle\",\"@id\":\"https:\/\/hospitaldaher.com.br\/plastica\/proteses-realistas-substituem-orelhas-deformadas\/#article\",\"isPartOf\":{\"@id\":\"https:\/\/hospitaldaher.com.br\/plastica\/proteses-realistas-substituem-orelhas-deformadas\/\"},\"author\":{\"name\":\"Rodrigo Souza\",\"@id\":\"https:\/\/hospitaldaher.com.br\/plastica\/#\/schema\/person\/c5815cf777240b18b88be2b1e11beec5\"},\"headline\":\"Pr\u00f3teses realistas substituem orelhas deformadas\",\"datePublished\":\"2015-03-10T17:59:55+00:00\",\"dateModified\":\"2017-01-12T18:03:36+00:00\",\"mainEntityOfPage\":{\"@id\":\"https:\/\/hospitaldaher.com.br\/plastica\/proteses-realistas-substituem-orelhas-deformadas\/\"},\"wordCount\":489,\"commentCount\":2,\"publisher\":{\"@id\":\"https:\/\/hospitaldaher.com.br\/plastica\/#organization\"},\"keywords\":[\"Bras\u00edlia-DF\",\"cirurgia\",\"corre\u00e7\u00e3o\",\"Hospital Daher\",\"Jos\u00e9 Carlos Daher\",\"orelha\",\"pl\u00e1stica\"],\"articleSection\":[\"Not\u00edcias\"],\"inLanguage\":\"pt-BR\",\"potentialAction\":[{\"@type\":\"CommentAction\",\"name\":\"Comment\",\"target\":[\"https:\/\/hospitaldaher.com.br\/plastica\/proteses-realistas-substituem-orelhas-deformadas\/#respond\"]}]},{\"@type\":[\"WebPage\",\"MedicalWebPage\"],\"@id\":\"https:\/\/hospitaldaher.com.br\/plastica\/proteses-realistas-substituem-orelhas-deformadas\/\",\"url\":\"https:\/\/hospitaldaher.com.br\/plastica\/proteses-realistas-substituem-orelhas-deformadas\/\",\"name\":\"Pr\u00f3teses realistas substituem orelhas deformadas - Dr. Jos\u00e9 Carlos Daher\",\"isPartOf\":{\"@id\":\"https:\/\/hospitaldaher.com.br\/plastica\/#website\"},\"datePublished\":\"2015-03-10T17:59:55+00:00\",\"dateModified\":\"2017-01-12T18:03:36+00:00\",\"breadcrumb\":{\"@id\":\"https:\/\/hospitaldaher.com.br\/plastica\/proteses-realistas-substituem-orelhas-deformadas\/#breadcrumb\"},\"inLanguage\":\"pt-BR\",\"potentialAction\":[{\"@type\":\"ReadAction\",\"target\":[\"https:\/\/hospitaldaher.com.br\/plastica\/proteses-realistas-substituem-orelhas-deformadas\/\"]}]},{\"@type\":\"BreadcrumbList\",\"@id\":\"https:\/\/hospitaldaher.com.br\/plastica\/proteses-realistas-substituem-orelhas-deformadas\/#breadcrumb\",\"itemListElement\":[{\"@type\":\"ListItem\",\"position\":1,\"name\":\"In\u00edcio\",\"item\":\"https:\/\/hospitaldaher.com.br\/plastica\/\"},{\"@type\":\"ListItem\",\"position\":2,\"name\":\"Pr\u00f3teses realistas substituem orelhas deformadas\"}]},{\"@type\":\"WebSite\",\"@id\":\"https:\/\/hospitaldaher.com.br\/plastica\/#website\",\"url\":\"https:\/\/hospitaldaher.com.br\/plastica\/\",\"name\":\"Dr. Jos\u00e9 Carlos Daher\",\"description\":\"Cirurgia Pl\u00e1stica\",\"publisher\":{\"@id\":\"https:\/\/hospitaldaher.com.br\/plastica\/#organization\"},\"potentialAction\":[{\"@type\":\"SearchAction\",\"target\":{\"@type\":\"EntryPoint\",\"urlTemplate\":\"https:\/\/hospitaldaher.com.br\/plastica\/?s={search_term_string}\"},\"query-input\":\"required name=search_term_string\"}],\"inLanguage\":\"pt-BR\"},{\"@type\":\"Organization\",\"@id\":\"https:\/\/hospitaldaher.com.br\/plastica\/#organization\",\"name\":\"Daher Pl\u00e1stica - Dr. Jos\u00e9 Carlos Daher e Dr. Leonardo Daher\",\"url\":\"https:\/\/hospitaldaher.com.br\/plastica\/\",\"logo\":{\"@type\":\"ImageObject\",\"inLanguage\":\"pt-BR\",\"@id\":\"https:\/\/hospitaldaher.com.br\/plastica\/#\/schema\/logo\/image\/\",\"url\":\"https:\/\/hospitaldaher.com.br\/plastica\/wp-content\/uploads\/2022\/09\/Logo_Jose_Carlos_Daher_em_Brasilia_Black.svg\",\"contentUrl\":\"https:\/\/hospitaldaher.com.br\/plastica\/wp-content\/uploads\/2022\/09\/Logo_Jose_Carlos_Daher_em_Brasilia_Black.svg\",\"width\":\"1030\",\"height\":\"1030\",\"caption\":\"Daher Pl\u00e1stica - Dr. Jos\u00e9 Carlos Daher e Dr. Leonardo Daher\"},\"image\":{\"@id\":\"https:\/\/hospitaldaher.com.br\/plastica\/#\/schema\/logo\/image\/\"},\"sameAs\":[\"https:\/\/www.facebook.com\/daherplastica\/\",\"https:\/\/www.instagram.com\/doutor_daher\/\"]},{\"@type\":\"Person\",\"@id\":\"https:\/\/hospitaldaher.com.br\/plastica\/#\/schema\/person\/c5815cf777240b18b88be2b1e11beec5\",\"name\":\"Rodrigo Souza\",\"image\":{\"@type\":\"ImageObject\",\"inLanguage\":\"pt-BR\",\"@id\":\"https:\/\/hospitaldaher.com.br\/plastica\/#\/schema\/person\/image\/\",\"url\":\"https:\/\/hospitaldaher.com.br\/plastica\/wp-content\/litespeed\/avatar\/8066cc10441b38f9f1b28973ebaf07e9.jpg?ver=1776865037\",\"contentUrl\":\"https:\/\/hospitaldaher.com.br\/plastica\/wp-content\/litespeed\/avatar\/8066cc10441b38f9f1b28973ebaf07e9.jpg?ver=1776865037\",\"caption\":\"Rodrigo Souza\"}}]}<\/script>\n<!-- \/ Yoast SEO plugin. -->","yoast_head_json":{"title":"Pr\u00f3teses realistas substituem orelhas deformadas - Dr. Jos\u00e9 Carlos Daher","robots":{"index":"index","follow":"follow","max-snippet":"max-snippet:-1","max-image-preview":"max-image-preview:large","max-video-preview":"max-video-preview:-1"},"canonical":"https:\/\/hospitaldaher.com.br\/plastica\/proteses-realistas-substituem-orelhas-deformadas\/","og_locale":"pt_BR","og_type":"article","og_title":"Pr\u00f3teses realistas substituem orelhas deformadas - Dr. Jos\u00e9 Carlos Daher","og_description":"T\u00e9cnica tem sido aplicada com sucesso em pacientes com microtia Um em cada seis mil beb\u00eas que nascem no mundo t\u00eam microtia,\u00a0uma anomalia cong\u00eanita que faz com que uma ou duas orelhas\u00a0sejam subdesenvolvidas. Essas anomalias n\u00e3o t\u00eam causas conhecidas, mas s\u00e3o associadas a altera\u00e7\u00f5es gen\u00e9ticas, sendo que,\u00a0em 90% dos casos, v\u00eam acompanhadas de s\u00edndromes que...","og_url":"https:\/\/hospitaldaher.com.br\/plastica\/proteses-realistas-substituem-orelhas-deformadas\/","og_site_name":"Dr. Jos\u00e9 Carlos Daher","article_publisher":"https:\/\/www.facebook.com\/daherplastica\/","article_published_time":"2015-03-10T17:59:55+00:00","article_modified_time":"2017-01-12T18:03:36+00:00","og_image":[{"width":1030,"height":687,"url":"https:\/\/hospitaldaher.com.br\/plastica\/wp-content\/uploads\/2017\/01\/MG_6472_FotoElianeDiscacciati-1030x687.jpg","type":"image\/jpeg"}],"author":"Rodrigo Souza","twitter_card":"summary_large_image","twitter_misc":{"Escrito por":"Rodrigo Souza","Est. tempo de leitura":"2 minutos"},"schema":{"@context":"https:\/\/schema.org","@graph":[{"@type":"NewsArticle","@id":"https:\/\/hospitaldaher.com.br\/plastica\/proteses-realistas-substituem-orelhas-deformadas\/#article","isPartOf":{"@id":"https:\/\/hospitaldaher.com.br\/plastica\/proteses-realistas-substituem-orelhas-deformadas\/"},"author":{"name":"Rodrigo Souza","@id":"https:\/\/hospitaldaher.com.br\/plastica\/#\/schema\/person\/c5815cf777240b18b88be2b1e11beec5"},"headline":"Pr\u00f3teses realistas substituem orelhas deformadas","datePublished":"2015-03-10T17:59:55+00:00","dateModified":"2017-01-12T18:03:36+00:00","mainEntityOfPage":{"@id":"https:\/\/hospitaldaher.com.br\/plastica\/proteses-realistas-substituem-orelhas-deformadas\/"},"wordCount":489,"commentCount":2,"publisher":{"@id":"https:\/\/hospitaldaher.com.br\/plastica\/#organization"},"keywords":["Bras\u00edlia-DF","cirurgia","corre\u00e7\u00e3o","Hospital Daher","Jos\u00e9 Carlos Daher","orelha","pl\u00e1stica"],"articleSection":["Not\u00edcias"],"inLanguage":"pt-BR","potentialAction":[{"@type":"CommentAction","name":"Comment","target":["https:\/\/hospitaldaher.com.br\/plastica\/proteses-realistas-substituem-orelhas-deformadas\/#respond"]}]},{"@type":["WebPage","MedicalWebPage"],"@id":"https:\/\/hospitaldaher.com.br\/plastica\/proteses-realistas-substituem-orelhas-deformadas\/","url":"https:\/\/hospitaldaher.com.br\/plastica\/proteses-realistas-substituem-orelhas-deformadas\/","name":"Pr\u00f3teses realistas substituem orelhas deformadas - Dr. Jos\u00e9 Carlos Daher","isPartOf":{"@id":"https:\/\/hospitaldaher.com.br\/plastica\/#website"},"datePublished":"2015-03-10T17:59:55+00:00","dateModified":"2017-01-12T18:03:36+00:00","breadcrumb":{"@id":"https:\/\/hospitaldaher.com.br\/plastica\/proteses-realistas-substituem-orelhas-deformadas\/#breadcrumb"},"inLanguage":"pt-BR","potentialAction":[{"@type":"ReadAction","target":["https:\/\/hospitaldaher.com.br\/plastica\/proteses-realistas-substituem-orelhas-deformadas\/"]}]},{"@type":"BreadcrumbList","@id":"https:\/\/hospitaldaher.com.br\/plastica\/proteses-realistas-substituem-orelhas-deformadas\/#breadcrumb","itemListElement":[{"@type":"ListItem","position":1,"name":"In\u00edcio","item":"https:\/\/hospitaldaher.com.br\/plastica\/"},{"@type":"ListItem","position":2,"name":"Pr\u00f3teses realistas substituem orelhas deformadas"}]},{"@type":"WebSite","@id":"https:\/\/hospitaldaher.com.br\/plastica\/#website","url":"https:\/\/hospitaldaher.com.br\/plastica\/","name":"Dr. Jos\u00e9 Carlos Daher","description":"Cirurgia Pl\u00e1stica","publisher":{"@id":"https:\/\/hospitaldaher.com.br\/plastica\/#organization"},"potentialAction":[{"@type":"SearchAction","target":{"@type":"EntryPoint","urlTemplate":"https:\/\/hospitaldaher.com.br\/plastica\/?s={search_term_string}"},"query-input":"required name=search_term_string"}],"inLanguage":"pt-BR"},{"@type":"Organization","@id":"https:\/\/hospitaldaher.com.br\/plastica\/#organization","name":"Daher Pl\u00e1stica - Dr. Jos\u00e9 Carlos Daher e Dr. Leonardo Daher","url":"https:\/\/hospitaldaher.com.br\/plastica\/","logo":{"@type":"ImageObject","inLanguage":"pt-BR","@id":"https:\/\/hospitaldaher.com.br\/plastica\/#\/schema\/logo\/image\/","url":"https:\/\/hospitaldaher.com.br\/plastica\/wp-content\/uploads\/2022\/09\/Logo_Jose_Carlos_Daher_em_Brasilia_Black.svg","contentUrl":"https:\/\/hospitaldaher.com.br\/plastica\/wp-content\/uploads\/2022\/09\/Logo_Jose_Carlos_Daher_em_Brasilia_Black.svg","width":"1030","height":"1030","caption":"Daher Pl\u00e1stica - Dr. Jos\u00e9 Carlos Daher e Dr. Leonardo Daher"},"image":{"@id":"https:\/\/hospitaldaher.com.br\/plastica\/#\/schema\/logo\/image\/"},"sameAs":["https:\/\/www.facebook.com\/daherplastica\/","https:\/\/www.instagram.com\/doutor_daher\/"]},{"@type":"Person","@id":"https:\/\/hospitaldaher.com.br\/plastica\/#\/schema\/person\/c5815cf777240b18b88be2b1e11beec5","name":"Rodrigo Souza","image":{"@type":"ImageObject","inLanguage":"pt-BR","@id":"https:\/\/hospitaldaher.com.br\/plastica\/#\/schema\/person\/image\/","url":"https:\/\/hospitaldaher.com.br\/plastica\/wp-content\/litespeed\/avatar\/8066cc10441b38f9f1b28973ebaf07e9.jpg?ver=1776865037","contentUrl":"https:\/\/hospitaldaher.com.br\/plastica\/wp-content\/litespeed\/avatar\/8066cc10441b38f9f1b28973ebaf07e9.jpg?ver=1776865037","caption":"Rodrigo Souza"}}]}},"_links":{"self":[{"href":"https:\/\/hospitaldaher.com.br\/plastica\/wp-json\/wp\/v2\/posts\/4989"}],"collection":[{"href":"https:\/\/hospitaldaher.com.br\/plastica\/wp-json\/wp\/v2\/posts"}],"about":[{"href":"https:\/\/hospitaldaher.com.br\/plastica\/wp-json\/wp\/v2\/types\/post"}],"author":[{"embeddable":true,"href":"https:\/\/hospitaldaher.com.br\/plastica\/wp-json\/wp\/v2\/users\/2"}],"replies":[{"embeddable":true,"href":"https:\/\/hospitaldaher.com.br\/plastica\/wp-json\/wp\/v2\/comments?post=4989"}],"version-history":[{"count":0,"href":"https:\/\/hospitaldaher.com.br\/plastica\/wp-json\/wp\/v2\/posts\/4989\/revisions"}],"wp:featuredmedia":[{"embeddable":true,"href":"https:\/\/hospitaldaher.com.br\/plastica\/wp-json\/wp\/v2\/media\/4990"}],"wp:attachment":[{"href":"https:\/\/hospitaldaher.com.br\/plastica\/wp-json\/wp\/v2\/media?parent=4989"}],"wp:term":[{"taxonomy":"category","embeddable":true,"href":"https:\/\/hospitaldaher.com.br\/plastica\/wp-json\/wp\/v2\/categories?post=4989"},{"taxonomy":"post_tag","embeddable":true,"href":"https:\/\/hospitaldaher.com.br\/plastica\/wp-json\/wp\/v2\/tags?post=4989"}],"curies":[{"name":"wp","href":"https:\/\/api.w.org\/{rel}","templated":true}]}}