{"id":5005,"date":"2014-04-22T18:23:13","date_gmt":"2014-04-22T18:23:13","guid":{"rendered":"http:\/\/hospitaldaher.com.br\/plastica\/?p=5005"},"modified":"2017-01-12T18:26:31","modified_gmt":"2017-01-12T18:26:31","slug":"como-recuperar-forma-e-autoestima-apos-o-parto","status":"publish","type":"post","link":"https:\/\/hospitaldaher.com.br\/plastica\/como-recuperar-forma-e-autoestima-apos-o-parto\/","title":{"rendered":"Como recuperar a forma e autoestima ap\u00f3s o parto"},"content":{"rendered":"<p style=\"text-align: justify;\"><a ref=\"magnificPopup\" href=\"http:\/\/hospitaldaher.com.br\/plastica\/wp-content\/uploads\/2017\/01\/128-gravidez_na_adolescencia-300x200.jpg\"><img loading=\"lazy\" decoding=\"async\" class=\"size-medium wp-image-5006 alignleft\" src=\"http:\/\/hospitaldaher.com.br\/plastica\/wp-content\/uploads\/2017\/01\/128-gravidez_na_adolescencia-300x200-300x200.jpg\" alt=\"\" width=\"300\" height=\"200\" srcset=\"https:\/\/hospitaldaher.com.br\/plastica\/wp-content\/uploads\/2017\/01\/128-gravidez_na_adolescencia-300x200.jpg 300w, https:\/\/hospitaldaher.com.br\/plastica\/wp-content\/uploads\/2017\/01\/128-gravidez_na_adolescencia-300x200-150x100.jpg 150w\" sizes=\"(max-width: 300px) 100vw, 300px\" \/><\/a>Ap\u00f3s a gesta\u00e7\u00e3o e o t\u00e3o sonhado nascimento do filho, a mulher vai retomando, aos poucos, a sua vida de antes, com todas as altera\u00e7\u00f5es que a maternidade traz. O que foi um momento de plenitude onde at\u00e9 os quilos a mais representavam a total felicidade e o sentimento de estar cada dia mais bonita come\u00e7a a ter outro significado, com os horm\u00f4nios ainda atuando no organismo feminino e com os olhares que se voltam para um novo corpo que nasceu junto com a maternidade.<\/p>\n<p style=\"text-align: justify;\">Al\u00e9m de todas as quest\u00f5es emocionais e hormonais pelas quais as mulheres passam neste per\u00edodo, ainda precisam se deparar com essas mudan\u00e7as corporais que podem se estender por um tempo ainda ap\u00f3s o parto.\u00a0 Quando a mulher percebe que o retorno \u00e0 antiga forma est\u00e1 demorando mais do que ela esperava ou desejava \u00e9 o momento em que come\u00e7a a pensar na cirurgia pl\u00e1stica para acelerar esse processo. E surgem as d\u00favidas, tanto em rela\u00e7\u00e3o aos resultados quanto ao tempo em que precisam esperar ap\u00f3s o parto para tais procedimentos.<\/p>\n<p style=\"text-align: justify;\">Para o cirurgi\u00e3o pl\u00e1stico<b>\u00a0Dr.\u00a0<\/b><b>Jos\u00e9 Carlos Daher<\/b>, chefe de cirurgia pl\u00e1stica do Hospital Daher Lago Sul, em primeiro lugar \u00e9 preciso pensar no que o parto e todo esse processo representam na vida de uma mulher. Ele lembra que em algum momento da vida da maioria delas, a finalidade principal \u00e9 a procria\u00e7\u00e3o. Por esse motivo, essa fase precisa ser vista de maneira especial. E para que o sonho n\u00e3o se torne um grande inc\u00f4modo no p\u00f3s parto, em rela\u00e7\u00e3o ao novo corpo, o mais importante, de acordo com o m\u00e9dico, \u00e9 que a mulher controle o seu ganho de peso. A m\u00e9dia esperada que a mulher aumente no decorrer dos meses da gravidez \u00e9 cerca de 9 quilos. \u201cMas sabemos que uma grande maioria delas engorda mais, 12, 15, 20, algumas chegam a aumentar 30 quilos. E isso vai dificultar muito o retorno ao peso e ao corpo de antes da gravidez\u201d, completa o Dr. Daher.<\/p>\n<p style=\"text-align: justify;\">O cirurgi\u00e3o pl\u00e1stico explica que existem tr\u00eas pontos principais de modifica\u00e7\u00e3o do corpo feminino durante a gravidez que podem incomodar as mulheres ap\u00f3s o parto: a distens\u00e3o da parede abdominal, o aumento das mamas com o processo de amamenta\u00e7\u00e3o e a distribui\u00e7\u00e3o desigual de gordura pelo corpo. Quando a mulher engorda muito, por exemplo, ela pode ter a chamada di\u00e1stase abdominal que \u00e9 quando os 2 m\u00fasculos reto abdominais se afastam. Estes m\u00fasculos s\u00e3o os que mant\u00eam o abd\u00f4men tenso e c\u00f4ncavo nas mulheres magras. Quando a distens\u00e3o durante a gravidez \u00e9 muito grande pode ser irrevers\u00edvel. E em alguns casos, somado a isto, pode haver uma \u201csobra\u201d de pele ap\u00f3s o nascimento da crian\u00e7a.<\/p>\n<p style=\"text-align: justify;\">Em rela\u00e7\u00e3o \u00e0 amamenta\u00e7\u00e3o, temos o fato claro de que os seios crescem pela produ\u00e7\u00e3o do leite e ingurgitamento mam\u00e1rio, o excesso de leite nas mamas, tudo isso para que possa acontecer o processo naturalmente, t\u00e3o importante para m\u00e3e e filho. \u201cPensa-se que amamentar faz cair o seio, mas n\u00e3o \u00e9 verdade, amamentar \u00e9 saud\u00e1vel, bonito e \u00fatil para a crian\u00e7a, a m\u00e3e transmite todos os nutrientes dela para o filho, o que faz cair a mama \u00e9 o aumento do volume dos seios pela produ\u00e7\u00e3o normal de leite, agravado pelo ganho de peso exagerado\u201d, explica o Dr. Daher. Por isso, ele defende que a m\u00e3e amamente at\u00e9 os seis meses, pelo menos, e at\u00e9 mais de um ano ou at\u00e9 mais de dois, como prev\u00eaem os \u00f3rg\u00e3os de sa\u00fade. Ele tamb\u00e9m lembra que n\u00e3o \u00e9 poss\u00edvel controlar o aumento da mama em rela\u00e7\u00e3o \u00e0 produ\u00e7\u00e3o de leite, mas, em rela\u00e7\u00e3o ao ganho de peso sim, e isso pode fazer toda a diferen\u00e7a.<\/p>\n<p style=\"text-align: justify;\">Sobre a distribui\u00e7\u00e3o desigual de gordura, normalmente ela se instala no abd\u00f4men e nos flancos, os famosos \u201cpneuzinhos\u201d, fazendo com que a mulher perca o desenho dos quadris e das n\u00e1degas, motivo de muita insatisfa\u00e7\u00e3o. Mas, para saber o que ficou mesmo de definitivo ap\u00f3s o parto, a mulher precisa esperar de 6 a 8 meses, que \u00e9 quando o corpo volta ao normal. \u00c9 nesse momento que a mulher pode resolver, junto com o seu cirurgi\u00e3o pl\u00e1stico de confian\u00e7a, quais procedimentos podem ser feitos.<\/p>\n<p style=\"text-align: justify;\">Uma das op\u00e7\u00f5es seria a abdominoplastia. Mas, de acordo, com o Dr. Jos\u00e9 Carlos Daher, o procedimento n\u00e3o \u00e9 recomendado para mulheres que tiveram seu primeiro filho e ainda pretendem ter mais ou ainda n\u00e3o decidiram. Nestes casos, o ideal, de acordo com ele, \u00e9 a lipoescultura, que \u00e9 a retirada de gordura de um local onde est\u00e1 \u201csobrando\u201d para ser colocada em outra parte do corpo. \u201cEste tipo de cirurgia \u00e9 utilizado, inclusive, nas pacientes mais jovens\u201d, lembra o Dr. Daher.<\/p>\n<p style=\"text-align: justify;\">Em rela\u00e7\u00e3o \u00e0 mama, qualquer procedimento deve ser feito apenas ap\u00f3s a amamenta\u00e7\u00e3o, j\u00e1 que, enquanto a mulher amamenta, tudo o que ela ingere seja comida, bebida ou rem\u00e9dios, \u00e9 repassado para o beb\u00ea.<\/p>\n<p style=\"text-align: justify;\">A mulher, quando engravida, precisa estar atenta e tentar, como j\u00e1 falamos anteriormente, controlar o ganho de peso, pois, dessa forma, com uma alimenta\u00e7\u00e3o saud\u00e1vel, balanceada e a pr\u00e1tica de exerc\u00edcios f\u00edsicos, a possibilidade do corpo voltar mais rapidamente ao que era \u00e9 bem maior. Mas, se isso n\u00e3o acontecer, de acordo com as informa\u00e7\u00f5es do Dr. Jos\u00e9 Carlos Daher, que atende diversas mulheres ap\u00f3s o parto em seu consult\u00f3rio, \u00e9 poss\u00edvel reconquistar o corpo de antes da gravidez e at\u00e9 melhor\u00e1-lo. Neste processo, a autoestima tamb\u00e9m ganha pontos. E sempre lembrando que a gesta\u00e7\u00e3o e o parto s\u00e3o momentos \u00fanicos na vida de uma mulher e devem ser vividos plenamente. E a cirurgia pl\u00e1stica possibilita que a mulher continue se sentindo maravilhosa enquanto vive este verdadeiro milagre que \u00e9 a maternidade.<\/p>\n","protected":false},"excerpt":{"rendered":"<p>Ap\u00f3s a gesta\u00e7\u00e3o e o t\u00e3o sonhado nascimento do filho, a mulher vai retomando, aos poucos, a sua vida de antes, com todas as altera\u00e7\u00f5es que a maternidade traz. O que foi um momento de plenitude onde at\u00e9 os quilos a mais representavam a total felicidade e o sentimento de estar cada dia mais bonita&#8230;<\/p>\n","protected":false},"author":2,"featured_media":4325,"comment_status":"open","ping_status":"open","sticky":false,"template":"","format":"standard","meta":{"footnotes":""},"categories":[139],"tags":[173,169,193,144,159,192,164,190],"yoast_head":"<!-- This site is optimized with the Yoast SEO plugin v21.6 - https:\/\/yoast.com\/wordpress\/plugins\/seo\/ -->\n<title>Como recuperar a forma e autoestima ap\u00f3s o parto - Dr. Jos\u00e9 Carlos Daher<\/title>\n<meta name=\"robots\" content=\"index, follow, max-snippet:-1, max-image-preview:large, max-video-preview:-1\" \/>\n<link rel=\"canonical\" href=\"https:\/\/hospitaldaher.com.br\/plastica\/como-recuperar-forma-e-autoestima-apos-o-parto\/\" \/>\n<meta property=\"og:locale\" content=\"pt_BR\" \/>\n<meta property=\"og:type\" content=\"article\" \/>\n<meta property=\"og:title\" content=\"Como recuperar a forma e autoestima ap\u00f3s o parto - Dr. Jos\u00e9 Carlos Daher\" \/>\n<meta property=\"og:description\" content=\"Ap\u00f3s a gesta\u00e7\u00e3o e o t\u00e3o sonhado nascimento do filho, a mulher vai retomando, aos poucos, a sua vida de antes, com todas as altera\u00e7\u00f5es que a maternidade traz. O que foi um momento de plenitude onde at\u00e9 os quilos a mais representavam a total felicidade e o sentimento de estar cada dia mais bonita...\" \/>\n<meta property=\"og:url\" content=\"https:\/\/hospitaldaher.com.br\/plastica\/como-recuperar-forma-e-autoestima-apos-o-parto\/\" \/>\n<meta property=\"og:site_name\" content=\"Dr. Jos\u00e9 Carlos Daher\" \/>\n<meta property=\"article:publisher\" content=\"https:\/\/www.facebook.com\/daherplastica\/\" \/>\n<meta property=\"article:published_time\" content=\"2014-04-22T18:23:13+00:00\" \/>\n<meta property=\"article:modified_time\" content=\"2017-01-12T18:26:31+00:00\" \/>\n<meta property=\"og:image\" content=\"https:\/\/hospitaldaher.com.br\/plastica\/wp-content\/uploads\/2016\/11\/BGB22.jpg\" \/>\n\t<meta property=\"og:image:width\" content=\"1200\" \/>\n\t<meta property=\"og:image:height\" content=\"596\" \/>\n\t<meta property=\"og:image:type\" content=\"image\/jpeg\" \/>\n<meta name=\"author\" content=\"Rodrigo Souza\" \/>\n<meta name=\"twitter:card\" content=\"summary_large_image\" \/>\n<meta name=\"twitter:label1\" content=\"Escrito por\" \/>\n\t<meta name=\"twitter:data1\" content=\"Rodrigo Souza\" \/>\n\t<meta name=\"twitter:label2\" content=\"Est. tempo de leitura\" \/>\n\t<meta name=\"twitter:data2\" content=\"5 minutos\" \/>\n<script type=\"application\/ld+json\" class=\"yoast-schema-graph\">{\"@context\":\"https:\/\/schema.org\",\"@graph\":[{\"@type\":\"NewsArticle\",\"@id\":\"https:\/\/hospitaldaher.com.br\/plastica\/como-recuperar-forma-e-autoestima-apos-o-parto\/#article\",\"isPartOf\":{\"@id\":\"https:\/\/hospitaldaher.com.br\/plastica\/como-recuperar-forma-e-autoestima-apos-o-parto\/\"},\"author\":{\"name\":\"Rodrigo Souza\",\"@id\":\"https:\/\/hospitaldaher.com.br\/plastica\/#\/schema\/person\/c5815cf777240b18b88be2b1e11beec5\"},\"headline\":\"Como recuperar a forma e autoestima ap\u00f3s o parto\",\"datePublished\":\"2014-04-22T18:23:13+00:00\",\"dateModified\":\"2017-01-12T18:26:31+00:00\",\"mainEntityOfPage\":{\"@id\":\"https:\/\/hospitaldaher.com.br\/plastica\/como-recuperar-forma-e-autoestima-apos-o-parto\/\"},\"wordCount\":1018,\"commentCount\":0,\"publisher\":{\"@id\":\"https:\/\/hospitaldaher.com.br\/plastica\/#organization\"},\"keywords\":[\"beleza\",\"Bras\u00edlia-DF\",\"gestante\",\"Jos\u00e9 Carlos Daher\",\"mulheres\",\"parto\",\"pl\u00e1stica\",\"sa\u00fade\"],\"articleSection\":[\"Not\u00edcias\"],\"inLanguage\":\"pt-BR\",\"potentialAction\":[{\"@type\":\"CommentAction\",\"name\":\"Comment\",\"target\":[\"https:\/\/hospitaldaher.com.br\/plastica\/como-recuperar-forma-e-autoestima-apos-o-parto\/#respond\"]}]},{\"@type\":[\"WebPage\",\"MedicalWebPage\"],\"@id\":\"https:\/\/hospitaldaher.com.br\/plastica\/como-recuperar-forma-e-autoestima-apos-o-parto\/\",\"url\":\"https:\/\/hospitaldaher.com.br\/plastica\/como-recuperar-forma-e-autoestima-apos-o-parto\/\",\"name\":\"Como recuperar a forma e autoestima ap\u00f3s o parto - Dr. Jos\u00e9 Carlos Daher\",\"isPartOf\":{\"@id\":\"https:\/\/hospitaldaher.com.br\/plastica\/#website\"},\"datePublished\":\"2014-04-22T18:23:13+00:00\",\"dateModified\":\"2017-01-12T18:26:31+00:00\",\"breadcrumb\":{\"@id\":\"https:\/\/hospitaldaher.com.br\/plastica\/como-recuperar-forma-e-autoestima-apos-o-parto\/#breadcrumb\"},\"inLanguage\":\"pt-BR\",\"potentialAction\":[{\"@type\":\"ReadAction\",\"target\":[\"https:\/\/hospitaldaher.com.br\/plastica\/como-recuperar-forma-e-autoestima-apos-o-parto\/\"]}]},{\"@type\":\"BreadcrumbList\",\"@id\":\"https:\/\/hospitaldaher.com.br\/plastica\/como-recuperar-forma-e-autoestima-apos-o-parto\/#breadcrumb\",\"itemListElement\":[{\"@type\":\"ListItem\",\"position\":1,\"name\":\"In\u00edcio\",\"item\":\"https:\/\/hospitaldaher.com.br\/plastica\/\"},{\"@type\":\"ListItem\",\"position\":2,\"name\":\"Como recuperar a forma e autoestima ap\u00f3s o parto\"}]},{\"@type\":\"WebSite\",\"@id\":\"https:\/\/hospitaldaher.com.br\/plastica\/#website\",\"url\":\"https:\/\/hospitaldaher.com.br\/plastica\/\",\"name\":\"Dr. Jos\u00e9 Carlos Daher\",\"description\":\"Cirurgia Pl\u00e1stica\",\"publisher\":{\"@id\":\"https:\/\/hospitaldaher.com.br\/plastica\/#organization\"},\"potentialAction\":[{\"@type\":\"SearchAction\",\"target\":{\"@type\":\"EntryPoint\",\"urlTemplate\":\"https:\/\/hospitaldaher.com.br\/plastica\/?s={search_term_string}\"},\"query-input\":\"required name=search_term_string\"}],\"inLanguage\":\"pt-BR\"},{\"@type\":\"Organization\",\"@id\":\"https:\/\/hospitaldaher.com.br\/plastica\/#organization\",\"name\":\"Daher Pl\u00e1stica - Dr. Jos\u00e9 Carlos Daher e Dr. Leonardo Daher\",\"url\":\"https:\/\/hospitaldaher.com.br\/plastica\/\",\"logo\":{\"@type\":\"ImageObject\",\"inLanguage\":\"pt-BR\",\"@id\":\"https:\/\/hospitaldaher.com.br\/plastica\/#\/schema\/logo\/image\/\",\"url\":\"https:\/\/hospitaldaher.com.br\/plastica\/wp-content\/uploads\/2022\/09\/Logo_Jose_Carlos_Daher_em_Brasilia_Black.svg\",\"contentUrl\":\"https:\/\/hospitaldaher.com.br\/plastica\/wp-content\/uploads\/2022\/09\/Logo_Jose_Carlos_Daher_em_Brasilia_Black.svg\",\"width\":\"1030\",\"height\":\"1030\",\"caption\":\"Daher Pl\u00e1stica - Dr. Jos\u00e9 Carlos Daher e Dr. Leonardo Daher\"},\"image\":{\"@id\":\"https:\/\/hospitaldaher.com.br\/plastica\/#\/schema\/logo\/image\/\"},\"sameAs\":[\"https:\/\/www.facebook.com\/daherplastica\/\",\"https:\/\/www.instagram.com\/doutor_daher\/\"]},{\"@type\":\"Person\",\"@id\":\"https:\/\/hospitaldaher.com.br\/plastica\/#\/schema\/person\/c5815cf777240b18b88be2b1e11beec5\",\"name\":\"Rodrigo Souza\",\"image\":{\"@type\":\"ImageObject\",\"inLanguage\":\"pt-BR\",\"@id\":\"https:\/\/hospitaldaher.com.br\/plastica\/#\/schema\/person\/image\/\",\"url\":\"https:\/\/hospitaldaher.com.br\/plastica\/wp-content\/litespeed\/avatar\/8066cc10441b38f9f1b28973ebaf07e9.jpg?ver=1777469907\",\"contentUrl\":\"https:\/\/hospitaldaher.com.br\/plastica\/wp-content\/litespeed\/avatar\/8066cc10441b38f9f1b28973ebaf07e9.jpg?ver=1777469907\",\"caption\":\"Rodrigo Souza\"}}]}<\/script>\n<!-- \/ Yoast SEO plugin. -->","yoast_head_json":{"title":"Como recuperar a forma e autoestima ap\u00f3s o parto - Dr. Jos\u00e9 Carlos Daher","robots":{"index":"index","follow":"follow","max-snippet":"max-snippet:-1","max-image-preview":"max-image-preview:large","max-video-preview":"max-video-preview:-1"},"canonical":"https:\/\/hospitaldaher.com.br\/plastica\/como-recuperar-forma-e-autoestima-apos-o-parto\/","og_locale":"pt_BR","og_type":"article","og_title":"Como recuperar a forma e autoestima ap\u00f3s o parto - Dr. Jos\u00e9 Carlos Daher","og_description":"Ap\u00f3s a gesta\u00e7\u00e3o e o t\u00e3o sonhado nascimento do filho, a mulher vai retomando, aos poucos, a sua vida de antes, com todas as altera\u00e7\u00f5es que a maternidade traz. O que foi um momento de plenitude onde at\u00e9 os quilos a mais representavam a total felicidade e o sentimento de estar cada dia mais bonita...","og_url":"https:\/\/hospitaldaher.com.br\/plastica\/como-recuperar-forma-e-autoestima-apos-o-parto\/","og_site_name":"Dr. Jos\u00e9 Carlos Daher","article_publisher":"https:\/\/www.facebook.com\/daherplastica\/","article_published_time":"2014-04-22T18:23:13+00:00","article_modified_time":"2017-01-12T18:26:31+00:00","og_image":[{"width":1200,"height":596,"url":"https:\/\/hospitaldaher.com.br\/plastica\/wp-content\/uploads\/2016\/11\/BGB22.jpg","type":"image\/jpeg"}],"author":"Rodrigo Souza","twitter_card":"summary_large_image","twitter_misc":{"Escrito por":"Rodrigo Souza","Est. tempo de leitura":"5 minutos"},"schema":{"@context":"https:\/\/schema.org","@graph":[{"@type":"NewsArticle","@id":"https:\/\/hospitaldaher.com.br\/plastica\/como-recuperar-forma-e-autoestima-apos-o-parto\/#article","isPartOf":{"@id":"https:\/\/hospitaldaher.com.br\/plastica\/como-recuperar-forma-e-autoestima-apos-o-parto\/"},"author":{"name":"Rodrigo Souza","@id":"https:\/\/hospitaldaher.com.br\/plastica\/#\/schema\/person\/c5815cf777240b18b88be2b1e11beec5"},"headline":"Como recuperar a forma e autoestima ap\u00f3s o parto","datePublished":"2014-04-22T18:23:13+00:00","dateModified":"2017-01-12T18:26:31+00:00","mainEntityOfPage":{"@id":"https:\/\/hospitaldaher.com.br\/plastica\/como-recuperar-forma-e-autoestima-apos-o-parto\/"},"wordCount":1018,"commentCount":0,"publisher":{"@id":"https:\/\/hospitaldaher.com.br\/plastica\/#organization"},"keywords":["beleza","Bras\u00edlia-DF","gestante","Jos\u00e9 Carlos Daher","mulheres","parto","pl\u00e1stica","sa\u00fade"],"articleSection":["Not\u00edcias"],"inLanguage":"pt-BR","potentialAction":[{"@type":"CommentAction","name":"Comment","target":["https:\/\/hospitaldaher.com.br\/plastica\/como-recuperar-forma-e-autoestima-apos-o-parto\/#respond"]}]},{"@type":["WebPage","MedicalWebPage"],"@id":"https:\/\/hospitaldaher.com.br\/plastica\/como-recuperar-forma-e-autoestima-apos-o-parto\/","url":"https:\/\/hospitaldaher.com.br\/plastica\/como-recuperar-forma-e-autoestima-apos-o-parto\/","name":"Como recuperar a forma e autoestima ap\u00f3s o parto - Dr. Jos\u00e9 Carlos Daher","isPartOf":{"@id":"https:\/\/hospitaldaher.com.br\/plastica\/#website"},"datePublished":"2014-04-22T18:23:13+00:00","dateModified":"2017-01-12T18:26:31+00:00","breadcrumb":{"@id":"https:\/\/hospitaldaher.com.br\/plastica\/como-recuperar-forma-e-autoestima-apos-o-parto\/#breadcrumb"},"inLanguage":"pt-BR","potentialAction":[{"@type":"ReadAction","target":["https:\/\/hospitaldaher.com.br\/plastica\/como-recuperar-forma-e-autoestima-apos-o-parto\/"]}]},{"@type":"BreadcrumbList","@id":"https:\/\/hospitaldaher.com.br\/plastica\/como-recuperar-forma-e-autoestima-apos-o-parto\/#breadcrumb","itemListElement":[{"@type":"ListItem","position":1,"name":"In\u00edcio","item":"https:\/\/hospitaldaher.com.br\/plastica\/"},{"@type":"ListItem","position":2,"name":"Como recuperar a forma e autoestima ap\u00f3s o parto"}]},{"@type":"WebSite","@id":"https:\/\/hospitaldaher.com.br\/plastica\/#website","url":"https:\/\/hospitaldaher.com.br\/plastica\/","name":"Dr. Jos\u00e9 Carlos Daher","description":"Cirurgia Pl\u00e1stica","publisher":{"@id":"https:\/\/hospitaldaher.com.br\/plastica\/#organization"},"potentialAction":[{"@type":"SearchAction","target":{"@type":"EntryPoint","urlTemplate":"https:\/\/hospitaldaher.com.br\/plastica\/?s={search_term_string}"},"query-input":"required name=search_term_string"}],"inLanguage":"pt-BR"},{"@type":"Organization","@id":"https:\/\/hospitaldaher.com.br\/plastica\/#organization","name":"Daher Pl\u00e1stica - Dr. Jos\u00e9 Carlos Daher e Dr. Leonardo Daher","url":"https:\/\/hospitaldaher.com.br\/plastica\/","logo":{"@type":"ImageObject","inLanguage":"pt-BR","@id":"https:\/\/hospitaldaher.com.br\/plastica\/#\/schema\/logo\/image\/","url":"https:\/\/hospitaldaher.com.br\/plastica\/wp-content\/uploads\/2022\/09\/Logo_Jose_Carlos_Daher_em_Brasilia_Black.svg","contentUrl":"https:\/\/hospitaldaher.com.br\/plastica\/wp-content\/uploads\/2022\/09\/Logo_Jose_Carlos_Daher_em_Brasilia_Black.svg","width":"1030","height":"1030","caption":"Daher Pl\u00e1stica - Dr. Jos\u00e9 Carlos Daher e Dr. Leonardo Daher"},"image":{"@id":"https:\/\/hospitaldaher.com.br\/plastica\/#\/schema\/logo\/image\/"},"sameAs":["https:\/\/www.facebook.com\/daherplastica\/","https:\/\/www.instagram.com\/doutor_daher\/"]},{"@type":"Person","@id":"https:\/\/hospitaldaher.com.br\/plastica\/#\/schema\/person\/c5815cf777240b18b88be2b1e11beec5","name":"Rodrigo Souza","image":{"@type":"ImageObject","inLanguage":"pt-BR","@id":"https:\/\/hospitaldaher.com.br\/plastica\/#\/schema\/person\/image\/","url":"https:\/\/hospitaldaher.com.br\/plastica\/wp-content\/litespeed\/avatar\/8066cc10441b38f9f1b28973ebaf07e9.jpg?ver=1777469907","contentUrl":"https:\/\/hospitaldaher.com.br\/plastica\/wp-content\/litespeed\/avatar\/8066cc10441b38f9f1b28973ebaf07e9.jpg?ver=1777469907","caption":"Rodrigo Souza"}}]}},"_links":{"self":[{"href":"https:\/\/hospitaldaher.com.br\/plastica\/wp-json\/wp\/v2\/posts\/5005"}],"collection":[{"href":"https:\/\/hospitaldaher.com.br\/plastica\/wp-json\/wp\/v2\/posts"}],"about":[{"href":"https:\/\/hospitaldaher.com.br\/plastica\/wp-json\/wp\/v2\/types\/post"}],"author":[{"embeddable":true,"href":"https:\/\/hospitaldaher.com.br\/plastica\/wp-json\/wp\/v2\/users\/2"}],"replies":[{"embeddable":true,"href":"https:\/\/hospitaldaher.com.br\/plastica\/wp-json\/wp\/v2\/comments?post=5005"}],"version-history":[{"count":0,"href":"https:\/\/hospitaldaher.com.br\/plastica\/wp-json\/wp\/v2\/posts\/5005\/revisions"}],"wp:featuredmedia":[{"embeddable":true,"href":"https:\/\/hospitaldaher.com.br\/plastica\/wp-json\/wp\/v2\/media\/4325"}],"wp:attachment":[{"href":"https:\/\/hospitaldaher.com.br\/plastica\/wp-json\/wp\/v2\/media?parent=5005"}],"wp:term":[{"taxonomy":"category","embeddable":true,"href":"https:\/\/hospitaldaher.com.br\/plastica\/wp-json\/wp\/v2\/categories?post=5005"},{"taxonomy":"post_tag","embeddable":true,"href":"https:\/\/hospitaldaher.com.br\/plastica\/wp-json\/wp\/v2\/tags?post=5005"}],"curies":[{"name":"wp","href":"https:\/\/api.w.org\/{rel}","templated":true}]}}