{"id":5035,"date":"2010-04-13T19:12:02","date_gmt":"2010-04-13T19:12:02","guid":{"rendered":"http:\/\/hospitaldaher.com.br\/plastica\/?p=5035"},"modified":"2017-01-12T19:13:11","modified_gmt":"2017-01-12T19:13:11","slug":"fundador-do-hospital-daher-e-homenageado-pelos-funcionarios","status":"publish","type":"post","link":"https:\/\/hospitaldaher.com.br\/plastica\/fundador-do-hospital-daher-e-homenageado-pelos-funcionarios\/","title":{"rendered":"Fundador do Hospital Daher \u00e9 homenageado pelos funcion\u00e1rios"},"content":{"rendered":"<p style=\"text-align: justify;\" align=\"left\">Neste dia t\u00e3o especial, o m\u00e9dico fundador do Hospital Daher foi homenageado e recebeu votos e agradecimentos, que foram expressos em um v\u00eddeo\u00a0 projetado para todos os presentes. O doutor ficou muito grato pela homenagem. \u201cEu n\u00e3o esperava. Realmente fui pego de surpresa. Muito obrigado a todos que contribu\u00edram para a realiza\u00e7\u00e3o deste momento\u201d, disse Dr. Daher.\n<\/p>\n<p style=\"text-align: justify;\" align=\"center\"><embed src=\"http:\/\/picasaweb.google.com\/s\/c\/bin\/slideshow.swf\" type=\"application\/x-shockwave-flash\" width=\"400\" height=\"267\"><\/embed><\/p>\n","protected":false},"excerpt":{"rendered":"<p>Neste dia t\u00e3o especial, o m\u00e9dico fundador do Hospital Daher foi homenageado e recebeu votos e agradecimentos, que foram expressos em um v\u00eddeo\u00a0 projetado para todos os presentes. O doutor ficou muito grato pela homenagem. \u201cEu n\u00e3o esperava. Realmente fui pego de surpresa. Muito obrigado a todos que contribu\u00edram para a realiza\u00e7\u00e3o deste momento\u201d, disse&#8230;<\/p>\n","protected":false},"author":2,"featured_media":0,"comment_status":"open","ping_status":"open","sticky":false,"template":"","format":"standard","meta":{"footnotes":""},"categories":[139],"tags":[],"yoast_head":"<!-- This site is optimized with the Yoast SEO plugin v21.6 - https:\/\/yoast.com\/wordpress\/plugins\/seo\/ -->\n<title>Fundador do Hospital Daher \u00e9 homenageado pelos funcion\u00e1rios - Dr. Jos\u00e9 Carlos Daher<\/title>\n<meta name=\"robots\" content=\"index, follow, max-snippet:-1, max-image-preview:large, max-video-preview:-1\" \/>\n<link rel=\"canonical\" href=\"https:\/\/hospitaldaher.com.br\/plastica\/fundador-do-hospital-daher-e-homenageado-pelos-funcionarios\/\" \/>\n<meta property=\"og:locale\" content=\"pt_BR\" \/>\n<meta property=\"og:type\" content=\"article\" \/>\n<meta property=\"og:title\" content=\"Fundador do Hospital Daher \u00e9 homenageado pelos funcion\u00e1rios - Dr. Jos\u00e9 Carlos Daher\" \/>\n<meta property=\"og:description\" content=\"Neste dia t\u00e3o especial, o m\u00e9dico fundador do Hospital Daher foi homenageado e recebeu votos e agradecimentos, que foram expressos em um v\u00eddeo\u00a0 projetado para todos os presentes. O doutor ficou muito grato pela homenagem. \u201cEu n\u00e3o esperava. Realmente fui pego de surpresa. Muito obrigado a todos que contribu\u00edram para a realiza\u00e7\u00e3o deste momento\u201d, disse...\" \/>\n<meta property=\"og:url\" content=\"https:\/\/hospitaldaher.com.br\/plastica\/fundador-do-hospital-daher-e-homenageado-pelos-funcionarios\/\" \/>\n<meta property=\"og:site_name\" content=\"Dr. Jos\u00e9 Carlos Daher\" \/>\n<meta property=\"article:publisher\" content=\"https:\/\/www.facebook.com\/daherplastica\/\" \/>\n<meta property=\"article:published_time\" content=\"2010-04-13T19:12:02+00:00\" \/>\n<meta property=\"article:modified_time\" content=\"2017-01-12T19:13:11+00:00\" \/>\n<meta name=\"author\" content=\"Rodrigo Souza\" \/>\n<meta name=\"twitter:card\" content=\"summary_large_image\" \/>\n<meta name=\"twitter:label1\" content=\"Escrito por\" \/>\n\t<meta name=\"twitter:data1\" content=\"Rodrigo Souza\" \/>\n<script type=\"application\/ld+json\" class=\"yoast-schema-graph\">{\"@context\":\"https:\/\/schema.org\",\"@graph\":[{\"@type\":\"NewsArticle\",\"@id\":\"https:\/\/hospitaldaher.com.br\/plastica\/fundador-do-hospital-daher-e-homenageado-pelos-funcionarios\/#article\",\"isPartOf\":{\"@id\":\"https:\/\/hospitaldaher.com.br\/plastica\/fundador-do-hospital-daher-e-homenageado-pelos-funcionarios\/\"},\"author\":{\"name\":\"Rodrigo Souza\",\"@id\":\"https:\/\/hospitaldaher.com.br\/plastica\/#\/schema\/person\/c5815cf777240b18b88be2b1e11beec5\"},\"headline\":\"Fundador do Hospital Daher \u00e9 homenageado pelos funcion\u00e1rios\",\"datePublished\":\"2010-04-13T19:12:02+00:00\",\"dateModified\":\"2017-01-12T19:13:11+00:00\",\"mainEntityOfPage\":{\"@id\":\"https:\/\/hospitaldaher.com.br\/plastica\/fundador-do-hospital-daher-e-homenageado-pelos-funcionarios\/\"},\"wordCount\":71,\"commentCount\":0,\"publisher\":{\"@id\":\"https:\/\/hospitaldaher.com.br\/plastica\/#organization\"},\"articleSection\":[\"Not\u00edcias\"],\"inLanguage\":\"pt-BR\",\"potentialAction\":[{\"@type\":\"CommentAction\",\"name\":\"Comment\",\"target\":[\"https:\/\/hospitaldaher.com.br\/plastica\/fundador-do-hospital-daher-e-homenageado-pelos-funcionarios\/#respond\"]}]},{\"@type\":[\"WebPage\",\"MedicalWebPage\"],\"@id\":\"https:\/\/hospitaldaher.com.br\/plastica\/fundador-do-hospital-daher-e-homenageado-pelos-funcionarios\/\",\"url\":\"https:\/\/hospitaldaher.com.br\/plastica\/fundador-do-hospital-daher-e-homenageado-pelos-funcionarios\/\",\"name\":\"Fundador do Hospital Daher \u00e9 homenageado pelos funcion\u00e1rios - Dr. Jos\u00e9 Carlos Daher\",\"isPartOf\":{\"@id\":\"https:\/\/hospitaldaher.com.br\/plastica\/#website\"},\"datePublished\":\"2010-04-13T19:12:02+00:00\",\"dateModified\":\"2017-01-12T19:13:11+00:00\",\"breadcrumb\":{\"@id\":\"https:\/\/hospitaldaher.com.br\/plastica\/fundador-do-hospital-daher-e-homenageado-pelos-funcionarios\/#breadcrumb\"},\"inLanguage\":\"pt-BR\",\"potentialAction\":[{\"@type\":\"ReadAction\",\"target\":[\"https:\/\/hospitaldaher.com.br\/plastica\/fundador-do-hospital-daher-e-homenageado-pelos-funcionarios\/\"]}]},{\"@type\":\"BreadcrumbList\",\"@id\":\"https:\/\/hospitaldaher.com.br\/plastica\/fundador-do-hospital-daher-e-homenageado-pelos-funcionarios\/#breadcrumb\",\"itemListElement\":[{\"@type\":\"ListItem\",\"position\":1,\"name\":\"In\u00edcio\",\"item\":\"https:\/\/hospitaldaher.com.br\/plastica\/\"},{\"@type\":\"ListItem\",\"position\":2,\"name\":\"Fundador do Hospital Daher \u00e9 homenageado pelos funcion\u00e1rios\"}]},{\"@type\":\"WebSite\",\"@id\":\"https:\/\/hospitaldaher.com.br\/plastica\/#website\",\"url\":\"https:\/\/hospitaldaher.com.br\/plastica\/\",\"name\":\"Dr. Jos\u00e9 Carlos Daher\",\"description\":\"Cirurgia Pl\u00e1stica\",\"publisher\":{\"@id\":\"https:\/\/hospitaldaher.com.br\/plastica\/#organization\"},\"potentialAction\":[{\"@type\":\"SearchAction\",\"target\":{\"@type\":\"EntryPoint\",\"urlTemplate\":\"https:\/\/hospitaldaher.com.br\/plastica\/?s={search_term_string}\"},\"query-input\":\"required name=search_term_string\"}],\"inLanguage\":\"pt-BR\"},{\"@type\":\"Organization\",\"@id\":\"https:\/\/hospitaldaher.com.br\/plastica\/#organization\",\"name\":\"Daher Pl\u00e1stica - Dr. Jos\u00e9 Carlos Daher e Dr. Leonardo Daher\",\"url\":\"https:\/\/hospitaldaher.com.br\/plastica\/\",\"logo\":{\"@type\":\"ImageObject\",\"inLanguage\":\"pt-BR\",\"@id\":\"https:\/\/hospitaldaher.com.br\/plastica\/#\/schema\/logo\/image\/\",\"url\":\"https:\/\/hospitaldaher.com.br\/plastica\/wp-content\/uploads\/2022\/09\/Logo_Jose_Carlos_Daher_em_Brasilia_Black.svg\",\"contentUrl\":\"https:\/\/hospitaldaher.com.br\/plastica\/wp-content\/uploads\/2022\/09\/Logo_Jose_Carlos_Daher_em_Brasilia_Black.svg\",\"width\":\"1030\",\"height\":\"1030\",\"caption\":\"Daher Pl\u00e1stica - Dr. Jos\u00e9 Carlos Daher e Dr. Leonardo Daher\"},\"image\":{\"@id\":\"https:\/\/hospitaldaher.com.br\/plastica\/#\/schema\/logo\/image\/\"},\"sameAs\":[\"https:\/\/www.facebook.com\/daherplastica\/\",\"https:\/\/www.instagram.com\/doutor_daher\/\"]},{\"@type\":\"Person\",\"@id\":\"https:\/\/hospitaldaher.com.br\/plastica\/#\/schema\/person\/c5815cf777240b18b88be2b1e11beec5\",\"name\":\"Rodrigo Souza\",\"image\":{\"@type\":\"ImageObject\",\"inLanguage\":\"pt-BR\",\"@id\":\"https:\/\/hospitaldaher.com.br\/plastica\/#\/schema\/person\/image\/\",\"url\":\"https:\/\/hospitaldaher.com.br\/plastica\/wp-content\/litespeed\/avatar\/8066cc10441b38f9f1b28973ebaf07e9.jpg?ver=1777469907\",\"contentUrl\":\"https:\/\/hospitaldaher.com.br\/plastica\/wp-content\/litespeed\/avatar\/8066cc10441b38f9f1b28973ebaf07e9.jpg?ver=1777469907\",\"caption\":\"Rodrigo Souza\"}}]}<\/script>\n<!-- \/ Yoast SEO plugin. -->","yoast_head_json":{"title":"Fundador do Hospital Daher \u00e9 homenageado pelos funcion\u00e1rios - Dr. Jos\u00e9 Carlos Daher","robots":{"index":"index","follow":"follow","max-snippet":"max-snippet:-1","max-image-preview":"max-image-preview:large","max-video-preview":"max-video-preview:-1"},"canonical":"https:\/\/hospitaldaher.com.br\/plastica\/fundador-do-hospital-daher-e-homenageado-pelos-funcionarios\/","og_locale":"pt_BR","og_type":"article","og_title":"Fundador do Hospital Daher \u00e9 homenageado pelos funcion\u00e1rios - Dr. Jos\u00e9 Carlos Daher","og_description":"Neste dia t\u00e3o especial, o m\u00e9dico fundador do Hospital Daher foi homenageado e recebeu votos e agradecimentos, que foram expressos em um v\u00eddeo\u00a0 projetado para todos os presentes. O doutor ficou muito grato pela homenagem. \u201cEu n\u00e3o esperava. Realmente fui pego de surpresa. Muito obrigado a todos que contribu\u00edram para a realiza\u00e7\u00e3o deste momento\u201d, disse...","og_url":"https:\/\/hospitaldaher.com.br\/plastica\/fundador-do-hospital-daher-e-homenageado-pelos-funcionarios\/","og_site_name":"Dr. Jos\u00e9 Carlos Daher","article_publisher":"https:\/\/www.facebook.com\/daherplastica\/","article_published_time":"2010-04-13T19:12:02+00:00","article_modified_time":"2017-01-12T19:13:11+00:00","author":"Rodrigo Souza","twitter_card":"summary_large_image","twitter_misc":{"Escrito por":"Rodrigo Souza"},"schema":{"@context":"https:\/\/schema.org","@graph":[{"@type":"NewsArticle","@id":"https:\/\/hospitaldaher.com.br\/plastica\/fundador-do-hospital-daher-e-homenageado-pelos-funcionarios\/#article","isPartOf":{"@id":"https:\/\/hospitaldaher.com.br\/plastica\/fundador-do-hospital-daher-e-homenageado-pelos-funcionarios\/"},"author":{"name":"Rodrigo Souza","@id":"https:\/\/hospitaldaher.com.br\/plastica\/#\/schema\/person\/c5815cf777240b18b88be2b1e11beec5"},"headline":"Fundador do Hospital Daher \u00e9 homenageado pelos funcion\u00e1rios","datePublished":"2010-04-13T19:12:02+00:00","dateModified":"2017-01-12T19:13:11+00:00","mainEntityOfPage":{"@id":"https:\/\/hospitaldaher.com.br\/plastica\/fundador-do-hospital-daher-e-homenageado-pelos-funcionarios\/"},"wordCount":71,"commentCount":0,"publisher":{"@id":"https:\/\/hospitaldaher.com.br\/plastica\/#organization"},"articleSection":["Not\u00edcias"],"inLanguage":"pt-BR","potentialAction":[{"@type":"CommentAction","name":"Comment","target":["https:\/\/hospitaldaher.com.br\/plastica\/fundador-do-hospital-daher-e-homenageado-pelos-funcionarios\/#respond"]}]},{"@type":["WebPage","MedicalWebPage"],"@id":"https:\/\/hospitaldaher.com.br\/plastica\/fundador-do-hospital-daher-e-homenageado-pelos-funcionarios\/","url":"https:\/\/hospitaldaher.com.br\/plastica\/fundador-do-hospital-daher-e-homenageado-pelos-funcionarios\/","name":"Fundador do Hospital Daher \u00e9 homenageado pelos funcion\u00e1rios - Dr. Jos\u00e9 Carlos Daher","isPartOf":{"@id":"https:\/\/hospitaldaher.com.br\/plastica\/#website"},"datePublished":"2010-04-13T19:12:02+00:00","dateModified":"2017-01-12T19:13:11+00:00","breadcrumb":{"@id":"https:\/\/hospitaldaher.com.br\/plastica\/fundador-do-hospital-daher-e-homenageado-pelos-funcionarios\/#breadcrumb"},"inLanguage":"pt-BR","potentialAction":[{"@type":"ReadAction","target":["https:\/\/hospitaldaher.com.br\/plastica\/fundador-do-hospital-daher-e-homenageado-pelos-funcionarios\/"]}]},{"@type":"BreadcrumbList","@id":"https:\/\/hospitaldaher.com.br\/plastica\/fundador-do-hospital-daher-e-homenageado-pelos-funcionarios\/#breadcrumb","itemListElement":[{"@type":"ListItem","position":1,"name":"In\u00edcio","item":"https:\/\/hospitaldaher.com.br\/plastica\/"},{"@type":"ListItem","position":2,"name":"Fundador do Hospital Daher \u00e9 homenageado pelos funcion\u00e1rios"}]},{"@type":"WebSite","@id":"https:\/\/hospitaldaher.com.br\/plastica\/#website","url":"https:\/\/hospitaldaher.com.br\/plastica\/","name":"Dr. Jos\u00e9 Carlos Daher","description":"Cirurgia Pl\u00e1stica","publisher":{"@id":"https:\/\/hospitaldaher.com.br\/plastica\/#organization"},"potentialAction":[{"@type":"SearchAction","target":{"@type":"EntryPoint","urlTemplate":"https:\/\/hospitaldaher.com.br\/plastica\/?s={search_term_string}"},"query-input":"required name=search_term_string"}],"inLanguage":"pt-BR"},{"@type":"Organization","@id":"https:\/\/hospitaldaher.com.br\/plastica\/#organization","name":"Daher Pl\u00e1stica - Dr. Jos\u00e9 Carlos Daher e Dr. Leonardo Daher","url":"https:\/\/hospitaldaher.com.br\/plastica\/","logo":{"@type":"ImageObject","inLanguage":"pt-BR","@id":"https:\/\/hospitaldaher.com.br\/plastica\/#\/schema\/logo\/image\/","url":"https:\/\/hospitaldaher.com.br\/plastica\/wp-content\/uploads\/2022\/09\/Logo_Jose_Carlos_Daher_em_Brasilia_Black.svg","contentUrl":"https:\/\/hospitaldaher.com.br\/plastica\/wp-content\/uploads\/2022\/09\/Logo_Jose_Carlos_Daher_em_Brasilia_Black.svg","width":"1030","height":"1030","caption":"Daher Pl\u00e1stica - Dr. Jos\u00e9 Carlos Daher e Dr. Leonardo Daher"},"image":{"@id":"https:\/\/hospitaldaher.com.br\/plastica\/#\/schema\/logo\/image\/"},"sameAs":["https:\/\/www.facebook.com\/daherplastica\/","https:\/\/www.instagram.com\/doutor_daher\/"]},{"@type":"Person","@id":"https:\/\/hospitaldaher.com.br\/plastica\/#\/schema\/person\/c5815cf777240b18b88be2b1e11beec5","name":"Rodrigo Souza","image":{"@type":"ImageObject","inLanguage":"pt-BR","@id":"https:\/\/hospitaldaher.com.br\/plastica\/#\/schema\/person\/image\/","url":"https:\/\/hospitaldaher.com.br\/plastica\/wp-content\/litespeed\/avatar\/8066cc10441b38f9f1b28973ebaf07e9.jpg?ver=1777469907","contentUrl":"https:\/\/hospitaldaher.com.br\/plastica\/wp-content\/litespeed\/avatar\/8066cc10441b38f9f1b28973ebaf07e9.jpg?ver=1777469907","caption":"Rodrigo Souza"}}]}},"_links":{"self":[{"href":"https:\/\/hospitaldaher.com.br\/plastica\/wp-json\/wp\/v2\/posts\/5035"}],"collection":[{"href":"https:\/\/hospitaldaher.com.br\/plastica\/wp-json\/wp\/v2\/posts"}],"about":[{"href":"https:\/\/hospitaldaher.com.br\/plastica\/wp-json\/wp\/v2\/types\/post"}],"author":[{"embeddable":true,"href":"https:\/\/hospitaldaher.com.br\/plastica\/wp-json\/wp\/v2\/users\/2"}],"replies":[{"embeddable":true,"href":"https:\/\/hospitaldaher.com.br\/plastica\/wp-json\/wp\/v2\/comments?post=5035"}],"version-history":[{"count":0,"href":"https:\/\/hospitaldaher.com.br\/plastica\/wp-json\/wp\/v2\/posts\/5035\/revisions"}],"wp:attachment":[{"href":"https:\/\/hospitaldaher.com.br\/plastica\/wp-json\/wp\/v2\/media?parent=5035"}],"wp:term":[{"taxonomy":"category","embeddable":true,"href":"https:\/\/hospitaldaher.com.br\/plastica\/wp-json\/wp\/v2\/categories?post=5035"},{"taxonomy":"post_tag","embeddable":true,"href":"https:\/\/hospitaldaher.com.br\/plastica\/wp-json\/wp\/v2\/tags?post=5035"}],"curies":[{"name":"wp","href":"https:\/\/api.w.org\/{rel}","templated":true}]}}