{"id":6649,"date":"2021-01-05T14:19:49","date_gmt":"2021-01-05T17:19:49","guid":{"rendered":"https:\/\/hospitaldaher.com.br\/plastica\/?p=6649"},"modified":"2022-07-11T08:41:43","modified_gmt":"2022-07-11T11:41:43","slug":"hospital-daher-divulga-edital-para-selecao-de-candidatos-a-formacao-de-especialistas-em-cirurgia-plastica-2021","status":"publish","type":"post","link":"https:\/\/hospitaldaher.com.br\/plastica\/hospital-daher-divulga-edital-para-selecao-de-candidatos-a-formacao-de-especialistas-em-cirurgia-plastica-2021\/","title":{"rendered":"Hospital Daher divulga edital para sele\u00e7\u00e3o de candidatos \u00e0 forma\u00e7\u00e3o de especialistas em Cirurgia Pl\u00e1stica (2021)"},"content":{"rendered":"<p>Est\u00e3o abertas as inscri\u00e7\u00f5es para o processo de admiss\u00e3o de estagi\u00e1rios em Cirurgia Pl\u00e1stica do Hospital Daher Lago Sul de 2021. A forma\u00e7\u00e3o ter\u00e1 in\u00edcio no dia 1.\u00ba de mar\u00e7o e dura\u00e7\u00e3o de tr\u00eas anos.<\/p>\n<p>No concurso, s\u00e3o oferecidas tr\u00eas vagas a m\u00e9dicos regularmente inscritos no Conselho Federal de Medicina e com especializa\u00e7\u00e3o em Cirurgia Geral.<\/p>\n<p>O processo seletivo ser\u00e1 realizado no dia 19 de fevereiro e contar\u00e1 com as etapas de prova escrita (50 quest\u00f5es sobre cirurgia geral e especialidades cir\u00fargicas, conhecimentos gerais, \u00e9tica m\u00e9dica e l\u00edngua inglesa), prova oral e an\u00e1lise curricular.<\/p>\n<p>Para participar, os interessados devem efetuar o pagamento da taxa de inscri\u00e7\u00e3o e o registro pelo site\u00a0<a href=\"http:\/\/www.centrodeestudosdaher.org.br\/\" target=\"_blank\" rel=\"nofollow noopener noreferrer\" data-saferedirecturl=\"https:\/\/www.google.com\/url?q=http:\/\/www.centrodeestudosdaher.org.br\/&amp;source=gmail&amp;ust=1609948800888000&amp;usg=AFQjCNFWdtTTsk9YI5iqFp80yuWCOpKhbA\">www.centrodeestudosdaher.<wbr \/>org.br<\/a>\u00a0ou no hospital at\u00e9 as 17h do dia 13 de fevereiro.<\/p>\n<p>Confira o edital do processo seletivo em\u00a0<a href=\"http:\/\/www.centrodeestudosdaher.org.br\/\" target=\"_blank\" rel=\"nofollow noopener noreferrer\" data-saferedirecturl=\"https:\/\/www.google.com\/url?q=http:\/\/www.centrodeestudosdaher.org.br\/&amp;source=gmail&amp;ust=1609948800888000&amp;usg=AFQjCNFWdtTTsk9YI5iqFp80yuWCOpKhbA\">www.centrodeestudosdaher.<wbr \/>org.br<\/a>\u00a0e obtenha mais informa\u00e7\u00f5es pelos telefones (61) 3213-4849 e (61) 3213-4859.<\/p>\n","protected":false},"excerpt":{"rendered":"<p>Est\u00e3o abertas as inscri\u00e7\u00f5es para o processo de admiss\u00e3o de estagi\u00e1rios em Cirurgia Pl\u00e1stica do Hospital Daher Lago Sul de 2021. A forma\u00e7\u00e3o ter\u00e1 in\u00edcio no dia 1.\u00ba de mar\u00e7o e dura\u00e7\u00e3o de tr\u00eas anos. No concurso, s\u00e3o oferecidas tr\u00eas vagas a m\u00e9dicos regularmente inscritos no Conselho Federal de Medicina e com especializa\u00e7\u00e3o em Cirurgia&#8230;<\/p>\n","protected":false},"author":1,"featured_media":6650,"comment_status":"open","ping_status":"open","sticky":false,"template":"","format":"standard","meta":{"footnotes":""},"categories":[139],"tags":[],"yoast_head":"<!-- This site is optimized with the Yoast SEO plugin v21.6 - https:\/\/yoast.com\/wordpress\/plugins\/seo\/ -->\n<title>Hospital Daher divulga edital para sele\u00e7\u00e3o de candidatos \u00e0 forma\u00e7\u00e3o de especialistas em Cirurgia Pl\u00e1stica (2021) - Dr. Jos\u00e9 Carlos Daher<\/title>\n<meta name=\"robots\" content=\"index, follow, max-snippet:-1, max-image-preview:large, max-video-preview:-1\" \/>\n<link rel=\"canonical\" href=\"https:\/\/hospitaldaher.com.br\/plastica\/hospital-daher-divulga-edital-para-selecao-de-candidatos-a-formacao-de-especialistas-em-cirurgia-plastica-2021\/\" \/>\n<meta property=\"og:locale\" content=\"pt_BR\" \/>\n<meta property=\"og:type\" content=\"article\" \/>\n<meta property=\"og:title\" content=\"Hospital Daher divulga edital para sele\u00e7\u00e3o de candidatos \u00e0 forma\u00e7\u00e3o de especialistas em Cirurgia Pl\u00e1stica (2021) - Dr. Jos\u00e9 Carlos Daher\" \/>\n<meta property=\"og:description\" content=\"Est\u00e3o abertas as inscri\u00e7\u00f5es para o processo de admiss\u00e3o de estagi\u00e1rios em Cirurgia Pl\u00e1stica do Hospital Daher Lago Sul de 2021. A forma\u00e7\u00e3o ter\u00e1 in\u00edcio no dia 1.\u00ba de mar\u00e7o e dura\u00e7\u00e3o de tr\u00eas anos. No concurso, s\u00e3o oferecidas tr\u00eas vagas a m\u00e9dicos regularmente inscritos no Conselho Federal de Medicina e com especializa\u00e7\u00e3o em Cirurgia...\" \/>\n<meta property=\"og:url\" content=\"https:\/\/hospitaldaher.com.br\/plastica\/hospital-daher-divulga-edital-para-selecao-de-candidatos-a-formacao-de-especialistas-em-cirurgia-plastica-2021\/\" \/>\n<meta property=\"og:site_name\" content=\"Dr. Jos\u00e9 Carlos Daher\" \/>\n<meta property=\"article:publisher\" content=\"https:\/\/www.facebook.com\/daherplastica\/\" \/>\n<meta property=\"article:published_time\" content=\"2021-01-05T17:19:49+00:00\" \/>\n<meta property=\"article:modified_time\" content=\"2022-07-11T11:41:43+00:00\" \/>\n<meta property=\"og:image\" content=\"https:\/\/hospitaldaher.com.br\/plastica\/wp-content\/uploads\/2021\/01\/sprint_1_HDP_edital_u0_materia.png\" \/>\n\t<meta property=\"og:image:width\" content=\"900\" \/>\n\t<meta property=\"og:image:height\" content=\"600\" \/>\n\t<meta property=\"og:image:type\" content=\"image\/png\" \/>\n<meta name=\"author\" content=\"dah_plastica\" \/>\n<meta name=\"twitter:card\" content=\"summary_large_image\" \/>\n<meta name=\"twitter:label1\" content=\"Escrito por\" \/>\n\t<meta name=\"twitter:data1\" content=\"dah_plastica\" \/>\n\t<meta name=\"twitter:label2\" content=\"Est. tempo de leitura\" \/>\n\t<meta name=\"twitter:data2\" content=\"1 minuto\" \/>\n<script type=\"application\/ld+json\" class=\"yoast-schema-graph\">{\"@context\":\"https:\/\/schema.org\",\"@graph\":[{\"@type\":\"NewsArticle\",\"@id\":\"https:\/\/hospitaldaher.com.br\/plastica\/hospital-daher-divulga-edital-para-selecao-de-candidatos-a-formacao-de-especialistas-em-cirurgia-plastica-2021\/#article\",\"isPartOf\":{\"@id\":\"https:\/\/hospitaldaher.com.br\/plastica\/hospital-daher-divulga-edital-para-selecao-de-candidatos-a-formacao-de-especialistas-em-cirurgia-plastica-2021\/\"},\"author\":{\"name\":\"dah_plastica\",\"@id\":\"https:\/\/hospitaldaher.com.br\/plastica\/#\/schema\/person\/990274ce18410601a15d815dac9cd1ce\"},\"headline\":\"Hospital Daher divulga edital para sele\u00e7\u00e3o de candidatos \u00e0 forma\u00e7\u00e3o de especialistas em Cirurgia Pl\u00e1stica (2021)\",\"datePublished\":\"2021-01-05T17:19:49+00:00\",\"dateModified\":\"2022-07-11T11:41:43+00:00\",\"mainEntityOfPage\":{\"@id\":\"https:\/\/hospitaldaher.com.br\/plastica\/hospital-daher-divulga-edital-para-selecao-de-candidatos-a-formacao-de-especialistas-em-cirurgia-plastica-2021\/\"},\"wordCount\":179,\"commentCount\":0,\"publisher\":{\"@id\":\"https:\/\/hospitaldaher.com.br\/plastica\/#organization\"},\"articleSection\":[\"Not\u00edcias\"],\"inLanguage\":\"pt-BR\",\"potentialAction\":[{\"@type\":\"CommentAction\",\"name\":\"Comment\",\"target\":[\"https:\/\/hospitaldaher.com.br\/plastica\/hospital-daher-divulga-edital-para-selecao-de-candidatos-a-formacao-de-especialistas-em-cirurgia-plastica-2021\/#respond\"]}]},{\"@type\":[\"WebPage\",\"MedicalWebPage\"],\"@id\":\"https:\/\/hospitaldaher.com.br\/plastica\/hospital-daher-divulga-edital-para-selecao-de-candidatos-a-formacao-de-especialistas-em-cirurgia-plastica-2021\/\",\"url\":\"https:\/\/hospitaldaher.com.br\/plastica\/hospital-daher-divulga-edital-para-selecao-de-candidatos-a-formacao-de-especialistas-em-cirurgia-plastica-2021\/\",\"name\":\"Hospital Daher divulga edital para sele\u00e7\u00e3o de candidatos \u00e0 forma\u00e7\u00e3o de especialistas em Cirurgia Pl\u00e1stica (2021) - Dr. Jos\u00e9 Carlos Daher\",\"isPartOf\":{\"@id\":\"https:\/\/hospitaldaher.com.br\/plastica\/#website\"},\"datePublished\":\"2021-01-05T17:19:49+00:00\",\"dateModified\":\"2022-07-11T11:41:43+00:00\",\"breadcrumb\":{\"@id\":\"https:\/\/hospitaldaher.com.br\/plastica\/hospital-daher-divulga-edital-para-selecao-de-candidatos-a-formacao-de-especialistas-em-cirurgia-plastica-2021\/#breadcrumb\"},\"inLanguage\":\"pt-BR\",\"potentialAction\":[{\"@type\":\"ReadAction\",\"target\":[\"https:\/\/hospitaldaher.com.br\/plastica\/hospital-daher-divulga-edital-para-selecao-de-candidatos-a-formacao-de-especialistas-em-cirurgia-plastica-2021\/\"]}]},{\"@type\":\"BreadcrumbList\",\"@id\":\"https:\/\/hospitaldaher.com.br\/plastica\/hospital-daher-divulga-edital-para-selecao-de-candidatos-a-formacao-de-especialistas-em-cirurgia-plastica-2021\/#breadcrumb\",\"itemListElement\":[{\"@type\":\"ListItem\",\"position\":1,\"name\":\"In\u00edcio\",\"item\":\"https:\/\/hospitaldaher.com.br\/plastica\/\"},{\"@type\":\"ListItem\",\"position\":2,\"name\":\"Hospital Daher divulga edital para sele\u00e7\u00e3o de candidatos \u00e0 forma\u00e7\u00e3o de especialistas em Cirurgia Pl\u00e1stica (2021)\"}]},{\"@type\":\"WebSite\",\"@id\":\"https:\/\/hospitaldaher.com.br\/plastica\/#website\",\"url\":\"https:\/\/hospitaldaher.com.br\/plastica\/\",\"name\":\"Dr. Jos\u00e9 Carlos Daher\",\"description\":\"Cirurgia Pl\u00e1stica\",\"publisher\":{\"@id\":\"https:\/\/hospitaldaher.com.br\/plastica\/#organization\"},\"potentialAction\":[{\"@type\":\"SearchAction\",\"target\":{\"@type\":\"EntryPoint\",\"urlTemplate\":\"https:\/\/hospitaldaher.com.br\/plastica\/?s={search_term_string}\"},\"query-input\":\"required name=search_term_string\"}],\"inLanguage\":\"pt-BR\"},{\"@type\":\"Organization\",\"@id\":\"https:\/\/hospitaldaher.com.br\/plastica\/#organization\",\"name\":\"Daher Pl\u00e1stica - Dr. Jos\u00e9 Carlos Daher e Dr. Leonardo Daher\",\"url\":\"https:\/\/hospitaldaher.com.br\/plastica\/\",\"logo\":{\"@type\":\"ImageObject\",\"inLanguage\":\"pt-BR\",\"@id\":\"https:\/\/hospitaldaher.com.br\/plastica\/#\/schema\/logo\/image\/\",\"url\":\"https:\/\/hospitaldaher.com.br\/plastica\/wp-content\/uploads\/2022\/09\/Logo_Jose_Carlos_Daher_em_Brasilia_Black.svg\",\"contentUrl\":\"https:\/\/hospitaldaher.com.br\/plastica\/wp-content\/uploads\/2022\/09\/Logo_Jose_Carlos_Daher_em_Brasilia_Black.svg\",\"width\":\"1030\",\"height\":\"1030\",\"caption\":\"Daher Pl\u00e1stica - Dr. Jos\u00e9 Carlos Daher e Dr. Leonardo Daher\"},\"image\":{\"@id\":\"https:\/\/hospitaldaher.com.br\/plastica\/#\/schema\/logo\/image\/\"},\"sameAs\":[\"https:\/\/www.facebook.com\/daherplastica\/\",\"https:\/\/www.instagram.com\/doutor_daher\/\"]},{\"@type\":\"Person\",\"@id\":\"https:\/\/hospitaldaher.com.br\/plastica\/#\/schema\/person\/990274ce18410601a15d815dac9cd1ce\",\"name\":\"dah_plastica\",\"image\":{\"@type\":\"ImageObject\",\"inLanguage\":\"pt-BR\",\"@id\":\"https:\/\/hospitaldaher.com.br\/plastica\/#\/schema\/person\/image\/\",\"url\":\"https:\/\/hospitaldaher.com.br\/plastica\/wp-content\/litespeed\/avatar\/219b5c57043255d7a73fc02ab67a7860.jpg?ver=1777469907\",\"contentUrl\":\"https:\/\/hospitaldaher.com.br\/plastica\/wp-content\/litespeed\/avatar\/219b5c57043255d7a73fc02ab67a7860.jpg?ver=1777469907\",\"caption\":\"dah_plastica\"}}]}<\/script>\n<!-- \/ Yoast SEO plugin. -->","yoast_head_json":{"title":"Hospital Daher divulga edital para sele\u00e7\u00e3o de candidatos \u00e0 forma\u00e7\u00e3o de especialistas em Cirurgia Pl\u00e1stica (2021) - Dr. Jos\u00e9 Carlos Daher","robots":{"index":"index","follow":"follow","max-snippet":"max-snippet:-1","max-image-preview":"max-image-preview:large","max-video-preview":"max-video-preview:-1"},"canonical":"https:\/\/hospitaldaher.com.br\/plastica\/hospital-daher-divulga-edital-para-selecao-de-candidatos-a-formacao-de-especialistas-em-cirurgia-plastica-2021\/","og_locale":"pt_BR","og_type":"article","og_title":"Hospital Daher divulga edital para sele\u00e7\u00e3o de candidatos \u00e0 forma\u00e7\u00e3o de especialistas em Cirurgia Pl\u00e1stica (2021) - Dr. Jos\u00e9 Carlos Daher","og_description":"Est\u00e3o abertas as inscri\u00e7\u00f5es para o processo de admiss\u00e3o de estagi\u00e1rios em Cirurgia Pl\u00e1stica do Hospital Daher Lago Sul de 2021. A forma\u00e7\u00e3o ter\u00e1 in\u00edcio no dia 1.\u00ba de mar\u00e7o e dura\u00e7\u00e3o de tr\u00eas anos. No concurso, s\u00e3o oferecidas tr\u00eas vagas a m\u00e9dicos regularmente inscritos no Conselho Federal de Medicina e com especializa\u00e7\u00e3o em Cirurgia...","og_url":"https:\/\/hospitaldaher.com.br\/plastica\/hospital-daher-divulga-edital-para-selecao-de-candidatos-a-formacao-de-especialistas-em-cirurgia-plastica-2021\/","og_site_name":"Dr. Jos\u00e9 Carlos Daher","article_publisher":"https:\/\/www.facebook.com\/daherplastica\/","article_published_time":"2021-01-05T17:19:49+00:00","article_modified_time":"2022-07-11T11:41:43+00:00","og_image":[{"width":900,"height":600,"url":"https:\/\/hospitaldaher.com.br\/plastica\/wp-content\/uploads\/2021\/01\/sprint_1_HDP_edital_u0_materia.png","type":"image\/png"}],"author":"dah_plastica","twitter_card":"summary_large_image","twitter_misc":{"Escrito por":"dah_plastica","Est. tempo de leitura":"1 minuto"},"schema":{"@context":"https:\/\/schema.org","@graph":[{"@type":"NewsArticle","@id":"https:\/\/hospitaldaher.com.br\/plastica\/hospital-daher-divulga-edital-para-selecao-de-candidatos-a-formacao-de-especialistas-em-cirurgia-plastica-2021\/#article","isPartOf":{"@id":"https:\/\/hospitaldaher.com.br\/plastica\/hospital-daher-divulga-edital-para-selecao-de-candidatos-a-formacao-de-especialistas-em-cirurgia-plastica-2021\/"},"author":{"name":"dah_plastica","@id":"https:\/\/hospitaldaher.com.br\/plastica\/#\/schema\/person\/990274ce18410601a15d815dac9cd1ce"},"headline":"Hospital Daher divulga edital para sele\u00e7\u00e3o de candidatos \u00e0 forma\u00e7\u00e3o de especialistas em Cirurgia Pl\u00e1stica (2021)","datePublished":"2021-01-05T17:19:49+00:00","dateModified":"2022-07-11T11:41:43+00:00","mainEntityOfPage":{"@id":"https:\/\/hospitaldaher.com.br\/plastica\/hospital-daher-divulga-edital-para-selecao-de-candidatos-a-formacao-de-especialistas-em-cirurgia-plastica-2021\/"},"wordCount":179,"commentCount":0,"publisher":{"@id":"https:\/\/hospitaldaher.com.br\/plastica\/#organization"},"articleSection":["Not\u00edcias"],"inLanguage":"pt-BR","potentialAction":[{"@type":"CommentAction","name":"Comment","target":["https:\/\/hospitaldaher.com.br\/plastica\/hospital-daher-divulga-edital-para-selecao-de-candidatos-a-formacao-de-especialistas-em-cirurgia-plastica-2021\/#respond"]}]},{"@type":["WebPage","MedicalWebPage"],"@id":"https:\/\/hospitaldaher.com.br\/plastica\/hospital-daher-divulga-edital-para-selecao-de-candidatos-a-formacao-de-especialistas-em-cirurgia-plastica-2021\/","url":"https:\/\/hospitaldaher.com.br\/plastica\/hospital-daher-divulga-edital-para-selecao-de-candidatos-a-formacao-de-especialistas-em-cirurgia-plastica-2021\/","name":"Hospital Daher divulga edital para sele\u00e7\u00e3o de candidatos \u00e0 forma\u00e7\u00e3o de especialistas em Cirurgia Pl\u00e1stica (2021) - Dr. Jos\u00e9 Carlos Daher","isPartOf":{"@id":"https:\/\/hospitaldaher.com.br\/plastica\/#website"},"datePublished":"2021-01-05T17:19:49+00:00","dateModified":"2022-07-11T11:41:43+00:00","breadcrumb":{"@id":"https:\/\/hospitaldaher.com.br\/plastica\/hospital-daher-divulga-edital-para-selecao-de-candidatos-a-formacao-de-especialistas-em-cirurgia-plastica-2021\/#breadcrumb"},"inLanguage":"pt-BR","potentialAction":[{"@type":"ReadAction","target":["https:\/\/hospitaldaher.com.br\/plastica\/hospital-daher-divulga-edital-para-selecao-de-candidatos-a-formacao-de-especialistas-em-cirurgia-plastica-2021\/"]}]},{"@type":"BreadcrumbList","@id":"https:\/\/hospitaldaher.com.br\/plastica\/hospital-daher-divulga-edital-para-selecao-de-candidatos-a-formacao-de-especialistas-em-cirurgia-plastica-2021\/#breadcrumb","itemListElement":[{"@type":"ListItem","position":1,"name":"In\u00edcio","item":"https:\/\/hospitaldaher.com.br\/plastica\/"},{"@type":"ListItem","position":2,"name":"Hospital Daher divulga edital para sele\u00e7\u00e3o de candidatos \u00e0 forma\u00e7\u00e3o de especialistas em Cirurgia Pl\u00e1stica (2021)"}]},{"@type":"WebSite","@id":"https:\/\/hospitaldaher.com.br\/plastica\/#website","url":"https:\/\/hospitaldaher.com.br\/plastica\/","name":"Dr. Jos\u00e9 Carlos Daher","description":"Cirurgia Pl\u00e1stica","publisher":{"@id":"https:\/\/hospitaldaher.com.br\/plastica\/#organization"},"potentialAction":[{"@type":"SearchAction","target":{"@type":"EntryPoint","urlTemplate":"https:\/\/hospitaldaher.com.br\/plastica\/?s={search_term_string}"},"query-input":"required name=search_term_string"}],"inLanguage":"pt-BR"},{"@type":"Organization","@id":"https:\/\/hospitaldaher.com.br\/plastica\/#organization","name":"Daher Pl\u00e1stica - Dr. Jos\u00e9 Carlos Daher e Dr. Leonardo Daher","url":"https:\/\/hospitaldaher.com.br\/plastica\/","logo":{"@type":"ImageObject","inLanguage":"pt-BR","@id":"https:\/\/hospitaldaher.com.br\/plastica\/#\/schema\/logo\/image\/","url":"https:\/\/hospitaldaher.com.br\/plastica\/wp-content\/uploads\/2022\/09\/Logo_Jose_Carlos_Daher_em_Brasilia_Black.svg","contentUrl":"https:\/\/hospitaldaher.com.br\/plastica\/wp-content\/uploads\/2022\/09\/Logo_Jose_Carlos_Daher_em_Brasilia_Black.svg","width":"1030","height":"1030","caption":"Daher Pl\u00e1stica - Dr. Jos\u00e9 Carlos Daher e Dr. Leonardo Daher"},"image":{"@id":"https:\/\/hospitaldaher.com.br\/plastica\/#\/schema\/logo\/image\/"},"sameAs":["https:\/\/www.facebook.com\/daherplastica\/","https:\/\/www.instagram.com\/doutor_daher\/"]},{"@type":"Person","@id":"https:\/\/hospitaldaher.com.br\/plastica\/#\/schema\/person\/990274ce18410601a15d815dac9cd1ce","name":"dah_plastica","image":{"@type":"ImageObject","inLanguage":"pt-BR","@id":"https:\/\/hospitaldaher.com.br\/plastica\/#\/schema\/person\/image\/","url":"https:\/\/hospitaldaher.com.br\/plastica\/wp-content\/litespeed\/avatar\/219b5c57043255d7a73fc02ab67a7860.jpg?ver=1777469907","contentUrl":"https:\/\/hospitaldaher.com.br\/plastica\/wp-content\/litespeed\/avatar\/219b5c57043255d7a73fc02ab67a7860.jpg?ver=1777469907","caption":"dah_plastica"}}]}},"_links":{"self":[{"href":"https:\/\/hospitaldaher.com.br\/plastica\/wp-json\/wp\/v2\/posts\/6649"}],"collection":[{"href":"https:\/\/hospitaldaher.com.br\/plastica\/wp-json\/wp\/v2\/posts"}],"about":[{"href":"https:\/\/hospitaldaher.com.br\/plastica\/wp-json\/wp\/v2\/types\/post"}],"author":[{"embeddable":true,"href":"https:\/\/hospitaldaher.com.br\/plastica\/wp-json\/wp\/v2\/users\/1"}],"replies":[{"embeddable":true,"href":"https:\/\/hospitaldaher.com.br\/plastica\/wp-json\/wp\/v2\/comments?post=6649"}],"version-history":[{"count":2,"href":"https:\/\/hospitaldaher.com.br\/plastica\/wp-json\/wp\/v2\/posts\/6649\/revisions"}],"predecessor-version":[{"id":6663,"href":"https:\/\/hospitaldaher.com.br\/plastica\/wp-json\/wp\/v2\/posts\/6649\/revisions\/6663"}],"wp:featuredmedia":[{"embeddable":true,"href":"https:\/\/hospitaldaher.com.br\/plastica\/wp-json\/wp\/v2\/media\/6650"}],"wp:attachment":[{"href":"https:\/\/hospitaldaher.com.br\/plastica\/wp-json\/wp\/v2\/media?parent=6649"}],"wp:term":[{"taxonomy":"category","embeddable":true,"href":"https:\/\/hospitaldaher.com.br\/plastica\/wp-json\/wp\/v2\/categories?post=6649"},{"taxonomy":"post_tag","embeddable":true,"href":"https:\/\/hospitaldaher.com.br\/plastica\/wp-json\/wp\/v2\/tags?post=6649"}],"curies":[{"name":"wp","href":"https:\/\/api.w.org\/{rel}","templated":true}]}}