{"id":7617,"date":"2023-06-07T13:19:02","date_gmt":"2023-06-07T16:19:02","guid":{"rendered":"https:\/\/hospitaldaher.com.br\/plastica\/?p=7617"},"modified":"2023-06-07T13:19:02","modified_gmt":"2023-06-07T16:19:02","slug":"dr-daher-destaca-evolucao-das-tecnicas-de-lipoaspiracao-na-face-em-congresso-frances","status":"publish","type":"post","link":"https:\/\/hospitaldaher.com.br\/plastica\/dr-daher-destaca-evolucao-das-tecnicas-de-lipoaspiracao-na-face-em-congresso-frances\/","title":{"rendered":"Dr. Daher destaca evolu\u00e7\u00e3o das t\u00e9cnicas de lipoaspira\u00e7\u00e3o na face em congresso franc\u00eas"},"content":{"rendered":"<p style=\"text-align: justify;\"><span style=\"font-weight: 400;\">O fundador do Hospital Daher e chefe do Servi\u00e7o de Pl\u00e1stica, Dr. Jos\u00e9 Carlos Daher participou, entre os dias 1 e 3 de junho, do 35\u00ba Congresso de Cirurgia Pl\u00e1stica da Sociedade Francesa de Cirurgias Est\u00e9ticas Pl\u00e1sticas (SOFCEP).<\/span><\/p>\n<p style=\"text-align: justify;\"><span style=\"font-weight: 400;\">Recebido pela presidente do congresso, Catherine Bergeret, o cirurgi\u00e3o pl\u00e1stico falou sobre a evolu\u00e7\u00e3o das t\u00e9cnicas de lipoaspira\u00e7\u00e3o na face e destacou a import\u00e2ncia do congresso para a \u00e1rea de cirurgia pl\u00e1stica internacional.\u00a0<\/span><\/p>\n<p style=\"text-align: justify;\"><span style=\"font-weight: 400;\">&#8220;A Fran\u00e7a foi levada ao reconhecimento internacional da cirurgia pl\u00e1stica atrav\u00e9s de Yves Gerard Yllouz, que inventou a lipoaspira\u00e7\u00e3o. Eu fui um dos primeiros no mundo a aplicar a lipoaspira\u00e7\u00e3o na face. Publiquei o primeiro trabalho de lipo na face do mundo, em revista indexada e agora, quarenta anos depois, levo \u00e0 Fran\u00e7a o estado m\u00e1ximo da evolu\u00e7\u00e3o destas t\u00e9cnicas em minhas m\u00e3os. Lipoaspira\u00e7\u00e3o e preenchimentos faciais, trabalhando a gordura ou produtos substitutos na escultura do rosto&#8221;, explicou Dr. Daher.<\/span><\/p>\n<p style=\"text-align: justify;\"><span style=\"font-weight: 400;\">O encontro reuniu grandes nomes da cirurgia pl\u00e1stica mundial, como Wladimir Mitz, que em 1978 publicou um trabalho sobre a anatomia da face, que revolucionou os procedimentos cir\u00fargicos e de preenchimentos para harmoniza\u00e7\u00e3o da face e compreens\u00e3o de mecanismos de envelhecimento.<\/span><\/p>\n<p style=\"text-align: justify;\">\n","protected":false},"excerpt":{"rendered":"<p>O fundador do Hospital Daher e chefe do Servi\u00e7o de Pl\u00e1stica, Dr. Jos\u00e9 Carlos Daher participou, entre os dias 1 e 3 de junho, do 35\u00ba Congresso de Cirurgia Pl\u00e1stica da Sociedade Francesa de Cirurgias Est\u00e9ticas Pl\u00e1sticas (SOFCEP). Recebido pela presidente do congresso, Catherine Bergeret, o cirurgi\u00e3o pl\u00e1stico falou sobre a evolu\u00e7\u00e3o das t\u00e9cnicas de&#8230;<\/p>\n","protected":false},"author":1,"featured_media":7618,"comment_status":"open","ping_status":"open","sticky":false,"template":"","format":"standard","meta":{"footnotes":""},"categories":[216,139],"tags":[169,141,203,214,142,254],"yoast_head":"<!-- This site is optimized with the Yoast SEO plugin v21.6 - https:\/\/yoast.com\/wordpress\/plugins\/seo\/ -->\n<title>Dr. Daher destaca evolu\u00e7\u00e3o das t\u00e9cnicas de lipoaspira\u00e7\u00e3o na face em congresso franc\u00eas - Dr. Jos\u00e9 Carlos Daher<\/title>\n<meta name=\"description\" content=\"Dr. Daher destaca evolu\u00e7\u00e3o das t\u00e9cnicas de lipoaspira\u00e7\u00e3o na face em congresso franc\u00eas.\" \/>\n<meta name=\"robots\" content=\"index, follow, max-snippet:-1, max-image-preview:large, max-video-preview:-1\" \/>\n<link rel=\"canonical\" href=\"https:\/\/hospitaldaher.com.br\/plastica\/dr-daher-destaca-evolucao-das-tecnicas-de-lipoaspiracao-na-face-em-congresso-frances\/\" \/>\n<meta property=\"og:locale\" content=\"pt_BR\" \/>\n<meta property=\"og:type\" content=\"article\" \/>\n<meta property=\"og:title\" content=\"Dr. Daher destaca evolu\u00e7\u00e3o das t\u00e9cnicas de lipoaspira\u00e7\u00e3o na face em congresso franc\u00eas - Dr. Jos\u00e9 Carlos Daher\" \/>\n<meta property=\"og:description\" content=\"Dr. Daher destaca evolu\u00e7\u00e3o das t\u00e9cnicas de lipoaspira\u00e7\u00e3o na face em congresso franc\u00eas.\" \/>\n<meta property=\"og:url\" content=\"https:\/\/hospitaldaher.com.br\/plastica\/dr-daher-destaca-evolucao-das-tecnicas-de-lipoaspiracao-na-face-em-congresso-frances\/\" \/>\n<meta property=\"og:site_name\" content=\"Dr. Jos\u00e9 Carlos Daher\" \/>\n<meta property=\"article:publisher\" content=\"https:\/\/www.facebook.com\/daherplastica\/\" \/>\n<meta property=\"article:published_time\" content=\"2023-06-07T16:19:02+00:00\" \/>\n<meta property=\"og:image\" content=\"https:\/\/hospitaldaher.com.br\/plastica\/wp-content\/uploads\/2023\/06\/dr-daher-destaca-evolucao-das-tecnicas-de-lipoaspiracao-na-face-em-congresso-frances.jpg\" \/>\n\t<meta property=\"og:image:width\" content=\"900\" \/>\n\t<meta property=\"og:image:height\" content=\"600\" \/>\n\t<meta property=\"og:image:type\" content=\"image\/jpeg\" \/>\n<meta name=\"author\" content=\"dah_plastica\" \/>\n<meta name=\"twitter:card\" content=\"summary_large_image\" \/>\n<meta name=\"twitter:label1\" content=\"Escrito por\" \/>\n\t<meta name=\"twitter:data1\" content=\"dah_plastica\" \/>\n\t<meta name=\"twitter:label2\" content=\"Est. tempo de leitura\" \/>\n\t<meta name=\"twitter:data2\" content=\"2 minutos\" \/>\n<script type=\"application\/ld+json\" class=\"yoast-schema-graph\">{\"@context\":\"https:\/\/schema.org\",\"@graph\":[{\"@type\":\"NewsArticle\",\"@id\":\"https:\/\/hospitaldaher.com.br\/plastica\/dr-daher-destaca-evolucao-das-tecnicas-de-lipoaspiracao-na-face-em-congresso-frances\/#article\",\"isPartOf\":{\"@id\":\"https:\/\/hospitaldaher.com.br\/plastica\/dr-daher-destaca-evolucao-das-tecnicas-de-lipoaspiracao-na-face-em-congresso-frances\/\"},\"author\":{\"name\":\"dah_plastica\",\"@id\":\"https:\/\/hospitaldaher.com.br\/plastica\/#\/schema\/person\/990274ce18410601a15d815dac9cd1ce\"},\"headline\":\"Dr. Daher destaca evolu\u00e7\u00e3o das t\u00e9cnicas de lipoaspira\u00e7\u00e3o na face em congresso franc\u00eas\",\"datePublished\":\"2023-06-07T16:19:02+00:00\",\"dateModified\":\"2023-06-07T16:19:02+00:00\",\"mainEntityOfPage\":{\"@id\":\"https:\/\/hospitaldaher.com.br\/plastica\/dr-daher-destaca-evolucao-das-tecnicas-de-lipoaspiracao-na-face-em-congresso-frances\/\"},\"wordCount\":231,\"commentCount\":0,\"publisher\":{\"@id\":\"https:\/\/hospitaldaher.com.br\/plastica\/#organization\"},\"keywords\":[\"Bras\u00edlia-DF\",\"cirurgia pl\u00e1stica\",\"congresso\",\"Dr Jos\u00e9 Carlos Daher\",\"Hospital Daher\",\"lipoaspira\u00e7\u00e3o na face\"],\"articleSection\":[\"Nas redes\",\"Not\u00edcias\"],\"inLanguage\":\"pt-BR\",\"potentialAction\":[{\"@type\":\"CommentAction\",\"name\":\"Comment\",\"target\":[\"https:\/\/hospitaldaher.com.br\/plastica\/dr-daher-destaca-evolucao-das-tecnicas-de-lipoaspiracao-na-face-em-congresso-frances\/#respond\"]}]},{\"@type\":[\"WebPage\",\"MedicalWebPage\"],\"@id\":\"https:\/\/hospitaldaher.com.br\/plastica\/dr-daher-destaca-evolucao-das-tecnicas-de-lipoaspiracao-na-face-em-congresso-frances\/\",\"url\":\"https:\/\/hospitaldaher.com.br\/plastica\/dr-daher-destaca-evolucao-das-tecnicas-de-lipoaspiracao-na-face-em-congresso-frances\/\",\"name\":\"Dr. Daher destaca evolu\u00e7\u00e3o das t\u00e9cnicas de lipoaspira\u00e7\u00e3o na face em congresso franc\u00eas - Dr. Jos\u00e9 Carlos Daher\",\"isPartOf\":{\"@id\":\"https:\/\/hospitaldaher.com.br\/plastica\/#website\"},\"datePublished\":\"2023-06-07T16:19:02+00:00\",\"dateModified\":\"2023-06-07T16:19:02+00:00\",\"description\":\"Dr. Daher destaca evolu\u00e7\u00e3o das t\u00e9cnicas de lipoaspira\u00e7\u00e3o na face em congresso franc\u00eas.\",\"breadcrumb\":{\"@id\":\"https:\/\/hospitaldaher.com.br\/plastica\/dr-daher-destaca-evolucao-das-tecnicas-de-lipoaspiracao-na-face-em-congresso-frances\/#breadcrumb\"},\"inLanguage\":\"pt-BR\",\"potentialAction\":[{\"@type\":\"ReadAction\",\"target\":[\"https:\/\/hospitaldaher.com.br\/plastica\/dr-daher-destaca-evolucao-das-tecnicas-de-lipoaspiracao-na-face-em-congresso-frances\/\"]}]},{\"@type\":\"BreadcrumbList\",\"@id\":\"https:\/\/hospitaldaher.com.br\/plastica\/dr-daher-destaca-evolucao-das-tecnicas-de-lipoaspiracao-na-face-em-congresso-frances\/#breadcrumb\",\"itemListElement\":[{\"@type\":\"ListItem\",\"position\":1,\"name\":\"In\u00edcio\",\"item\":\"https:\/\/hospitaldaher.com.br\/plastica\/\"},{\"@type\":\"ListItem\",\"position\":2,\"name\":\"Dr. Daher destaca evolu\u00e7\u00e3o das t\u00e9cnicas de lipoaspira\u00e7\u00e3o na face em congresso franc\u00eas\"}]},{\"@type\":\"WebSite\",\"@id\":\"https:\/\/hospitaldaher.com.br\/plastica\/#website\",\"url\":\"https:\/\/hospitaldaher.com.br\/plastica\/\",\"name\":\"Dr. Jos\u00e9 Carlos Daher\",\"description\":\"Cirurgia Pl\u00e1stica\",\"publisher\":{\"@id\":\"https:\/\/hospitaldaher.com.br\/plastica\/#organization\"},\"potentialAction\":[{\"@type\":\"SearchAction\",\"target\":{\"@type\":\"EntryPoint\",\"urlTemplate\":\"https:\/\/hospitaldaher.com.br\/plastica\/?s={search_term_string}\"},\"query-input\":\"required name=search_term_string\"}],\"inLanguage\":\"pt-BR\"},{\"@type\":\"Organization\",\"@id\":\"https:\/\/hospitaldaher.com.br\/plastica\/#organization\",\"name\":\"Daher Pl\u00e1stica - Dr. Jos\u00e9 Carlos Daher e Dr. Leonardo Daher\",\"url\":\"https:\/\/hospitaldaher.com.br\/plastica\/\",\"logo\":{\"@type\":\"ImageObject\",\"inLanguage\":\"pt-BR\",\"@id\":\"https:\/\/hospitaldaher.com.br\/plastica\/#\/schema\/logo\/image\/\",\"url\":\"https:\/\/hospitaldaher.com.br\/plastica\/wp-content\/uploads\/2022\/09\/Logo_Jose_Carlos_Daher_em_Brasilia_Black.svg\",\"contentUrl\":\"https:\/\/hospitaldaher.com.br\/plastica\/wp-content\/uploads\/2022\/09\/Logo_Jose_Carlos_Daher_em_Brasilia_Black.svg\",\"width\":\"1030\",\"height\":\"1030\",\"caption\":\"Daher Pl\u00e1stica - Dr. Jos\u00e9 Carlos Daher e Dr. Leonardo Daher\"},\"image\":{\"@id\":\"https:\/\/hospitaldaher.com.br\/plastica\/#\/schema\/logo\/image\/\"},\"sameAs\":[\"https:\/\/www.facebook.com\/daherplastica\/\",\"https:\/\/www.instagram.com\/doutor_daher\/\"]},{\"@type\":\"Person\",\"@id\":\"https:\/\/hospitaldaher.com.br\/plastica\/#\/schema\/person\/990274ce18410601a15d815dac9cd1ce\",\"name\":\"dah_plastica\",\"image\":{\"@type\":\"ImageObject\",\"inLanguage\":\"pt-BR\",\"@id\":\"https:\/\/hospitaldaher.com.br\/plastica\/#\/schema\/person\/image\/\",\"url\":\"https:\/\/hospitaldaher.com.br\/plastica\/wp-content\/litespeed\/avatar\/219b5c57043255d7a73fc02ab67a7860.jpg?ver=1776865037\",\"contentUrl\":\"https:\/\/hospitaldaher.com.br\/plastica\/wp-content\/litespeed\/avatar\/219b5c57043255d7a73fc02ab67a7860.jpg?ver=1776865037\",\"caption\":\"dah_plastica\"}}]}<\/script>\n<!-- \/ Yoast SEO plugin. -->","yoast_head_json":{"title":"Dr. Daher destaca evolu\u00e7\u00e3o das t\u00e9cnicas de lipoaspira\u00e7\u00e3o na face em congresso franc\u00eas - Dr. Jos\u00e9 Carlos Daher","description":"Dr. Daher destaca evolu\u00e7\u00e3o das t\u00e9cnicas de lipoaspira\u00e7\u00e3o na face em congresso franc\u00eas.","robots":{"index":"index","follow":"follow","max-snippet":"max-snippet:-1","max-image-preview":"max-image-preview:large","max-video-preview":"max-video-preview:-1"},"canonical":"https:\/\/hospitaldaher.com.br\/plastica\/dr-daher-destaca-evolucao-das-tecnicas-de-lipoaspiracao-na-face-em-congresso-frances\/","og_locale":"pt_BR","og_type":"article","og_title":"Dr. Daher destaca evolu\u00e7\u00e3o das t\u00e9cnicas de lipoaspira\u00e7\u00e3o na face em congresso franc\u00eas - Dr. Jos\u00e9 Carlos Daher","og_description":"Dr. Daher destaca evolu\u00e7\u00e3o das t\u00e9cnicas de lipoaspira\u00e7\u00e3o na face em congresso franc\u00eas.","og_url":"https:\/\/hospitaldaher.com.br\/plastica\/dr-daher-destaca-evolucao-das-tecnicas-de-lipoaspiracao-na-face-em-congresso-frances\/","og_site_name":"Dr. Jos\u00e9 Carlos Daher","article_publisher":"https:\/\/www.facebook.com\/daherplastica\/","article_published_time":"2023-06-07T16:19:02+00:00","og_image":[{"width":900,"height":600,"url":"https:\/\/hospitaldaher.com.br\/plastica\/wp-content\/uploads\/2023\/06\/dr-daher-destaca-evolucao-das-tecnicas-de-lipoaspiracao-na-face-em-congresso-frances.jpg","type":"image\/jpeg"}],"author":"dah_plastica","twitter_card":"summary_large_image","twitter_misc":{"Escrito por":"dah_plastica","Est. tempo de leitura":"2 minutos"},"schema":{"@context":"https:\/\/schema.org","@graph":[{"@type":"NewsArticle","@id":"https:\/\/hospitaldaher.com.br\/plastica\/dr-daher-destaca-evolucao-das-tecnicas-de-lipoaspiracao-na-face-em-congresso-frances\/#article","isPartOf":{"@id":"https:\/\/hospitaldaher.com.br\/plastica\/dr-daher-destaca-evolucao-das-tecnicas-de-lipoaspiracao-na-face-em-congresso-frances\/"},"author":{"name":"dah_plastica","@id":"https:\/\/hospitaldaher.com.br\/plastica\/#\/schema\/person\/990274ce18410601a15d815dac9cd1ce"},"headline":"Dr. Daher destaca evolu\u00e7\u00e3o das t\u00e9cnicas de lipoaspira\u00e7\u00e3o na face em congresso franc\u00eas","datePublished":"2023-06-07T16:19:02+00:00","dateModified":"2023-06-07T16:19:02+00:00","mainEntityOfPage":{"@id":"https:\/\/hospitaldaher.com.br\/plastica\/dr-daher-destaca-evolucao-das-tecnicas-de-lipoaspiracao-na-face-em-congresso-frances\/"},"wordCount":231,"commentCount":0,"publisher":{"@id":"https:\/\/hospitaldaher.com.br\/plastica\/#organization"},"keywords":["Bras\u00edlia-DF","cirurgia pl\u00e1stica","congresso","Dr Jos\u00e9 Carlos Daher","Hospital Daher","lipoaspira\u00e7\u00e3o na face"],"articleSection":["Nas redes","Not\u00edcias"],"inLanguage":"pt-BR","potentialAction":[{"@type":"CommentAction","name":"Comment","target":["https:\/\/hospitaldaher.com.br\/plastica\/dr-daher-destaca-evolucao-das-tecnicas-de-lipoaspiracao-na-face-em-congresso-frances\/#respond"]}]},{"@type":["WebPage","MedicalWebPage"],"@id":"https:\/\/hospitaldaher.com.br\/plastica\/dr-daher-destaca-evolucao-das-tecnicas-de-lipoaspiracao-na-face-em-congresso-frances\/","url":"https:\/\/hospitaldaher.com.br\/plastica\/dr-daher-destaca-evolucao-das-tecnicas-de-lipoaspiracao-na-face-em-congresso-frances\/","name":"Dr. Daher destaca evolu\u00e7\u00e3o das t\u00e9cnicas de lipoaspira\u00e7\u00e3o na face em congresso franc\u00eas - Dr. Jos\u00e9 Carlos Daher","isPartOf":{"@id":"https:\/\/hospitaldaher.com.br\/plastica\/#website"},"datePublished":"2023-06-07T16:19:02+00:00","dateModified":"2023-06-07T16:19:02+00:00","description":"Dr. Daher destaca evolu\u00e7\u00e3o das t\u00e9cnicas de lipoaspira\u00e7\u00e3o na face em congresso franc\u00eas.","breadcrumb":{"@id":"https:\/\/hospitaldaher.com.br\/plastica\/dr-daher-destaca-evolucao-das-tecnicas-de-lipoaspiracao-na-face-em-congresso-frances\/#breadcrumb"},"inLanguage":"pt-BR","potentialAction":[{"@type":"ReadAction","target":["https:\/\/hospitaldaher.com.br\/plastica\/dr-daher-destaca-evolucao-das-tecnicas-de-lipoaspiracao-na-face-em-congresso-frances\/"]}]},{"@type":"BreadcrumbList","@id":"https:\/\/hospitaldaher.com.br\/plastica\/dr-daher-destaca-evolucao-das-tecnicas-de-lipoaspiracao-na-face-em-congresso-frances\/#breadcrumb","itemListElement":[{"@type":"ListItem","position":1,"name":"In\u00edcio","item":"https:\/\/hospitaldaher.com.br\/plastica\/"},{"@type":"ListItem","position":2,"name":"Dr. Daher destaca evolu\u00e7\u00e3o das t\u00e9cnicas de lipoaspira\u00e7\u00e3o na face em congresso franc\u00eas"}]},{"@type":"WebSite","@id":"https:\/\/hospitaldaher.com.br\/plastica\/#website","url":"https:\/\/hospitaldaher.com.br\/plastica\/","name":"Dr. Jos\u00e9 Carlos Daher","description":"Cirurgia Pl\u00e1stica","publisher":{"@id":"https:\/\/hospitaldaher.com.br\/plastica\/#organization"},"potentialAction":[{"@type":"SearchAction","target":{"@type":"EntryPoint","urlTemplate":"https:\/\/hospitaldaher.com.br\/plastica\/?s={search_term_string}"},"query-input":"required name=search_term_string"}],"inLanguage":"pt-BR"},{"@type":"Organization","@id":"https:\/\/hospitaldaher.com.br\/plastica\/#organization","name":"Daher Pl\u00e1stica - Dr. Jos\u00e9 Carlos Daher e Dr. Leonardo Daher","url":"https:\/\/hospitaldaher.com.br\/plastica\/","logo":{"@type":"ImageObject","inLanguage":"pt-BR","@id":"https:\/\/hospitaldaher.com.br\/plastica\/#\/schema\/logo\/image\/","url":"https:\/\/hospitaldaher.com.br\/plastica\/wp-content\/uploads\/2022\/09\/Logo_Jose_Carlos_Daher_em_Brasilia_Black.svg","contentUrl":"https:\/\/hospitaldaher.com.br\/plastica\/wp-content\/uploads\/2022\/09\/Logo_Jose_Carlos_Daher_em_Brasilia_Black.svg","width":"1030","height":"1030","caption":"Daher Pl\u00e1stica - Dr. Jos\u00e9 Carlos Daher e Dr. Leonardo Daher"},"image":{"@id":"https:\/\/hospitaldaher.com.br\/plastica\/#\/schema\/logo\/image\/"},"sameAs":["https:\/\/www.facebook.com\/daherplastica\/","https:\/\/www.instagram.com\/doutor_daher\/"]},{"@type":"Person","@id":"https:\/\/hospitaldaher.com.br\/plastica\/#\/schema\/person\/990274ce18410601a15d815dac9cd1ce","name":"dah_plastica","image":{"@type":"ImageObject","inLanguage":"pt-BR","@id":"https:\/\/hospitaldaher.com.br\/plastica\/#\/schema\/person\/image\/","url":"https:\/\/hospitaldaher.com.br\/plastica\/wp-content\/litespeed\/avatar\/219b5c57043255d7a73fc02ab67a7860.jpg?ver=1776865037","contentUrl":"https:\/\/hospitaldaher.com.br\/plastica\/wp-content\/litespeed\/avatar\/219b5c57043255d7a73fc02ab67a7860.jpg?ver=1776865037","caption":"dah_plastica"}}]}},"_links":{"self":[{"href":"https:\/\/hospitaldaher.com.br\/plastica\/wp-json\/wp\/v2\/posts\/7617"}],"collection":[{"href":"https:\/\/hospitaldaher.com.br\/plastica\/wp-json\/wp\/v2\/posts"}],"about":[{"href":"https:\/\/hospitaldaher.com.br\/plastica\/wp-json\/wp\/v2\/types\/post"}],"author":[{"embeddable":true,"href":"https:\/\/hospitaldaher.com.br\/plastica\/wp-json\/wp\/v2\/users\/1"}],"replies":[{"embeddable":true,"href":"https:\/\/hospitaldaher.com.br\/plastica\/wp-json\/wp\/v2\/comments?post=7617"}],"version-history":[{"count":1,"href":"https:\/\/hospitaldaher.com.br\/plastica\/wp-json\/wp\/v2\/posts\/7617\/revisions"}],"predecessor-version":[{"id":7619,"href":"https:\/\/hospitaldaher.com.br\/plastica\/wp-json\/wp\/v2\/posts\/7617\/revisions\/7619"}],"wp:featuredmedia":[{"embeddable":true,"href":"https:\/\/hospitaldaher.com.br\/plastica\/wp-json\/wp\/v2\/media\/7618"}],"wp:attachment":[{"href":"https:\/\/hospitaldaher.com.br\/plastica\/wp-json\/wp\/v2\/media?parent=7617"}],"wp:term":[{"taxonomy":"category","embeddable":true,"href":"https:\/\/hospitaldaher.com.br\/plastica\/wp-json\/wp\/v2\/categories?post=7617"},{"taxonomy":"post_tag","embeddable":true,"href":"https:\/\/hospitaldaher.com.br\/plastica\/wp-json\/wp\/v2\/tags?post=7617"}],"curies":[{"name":"wp","href":"https:\/\/api.w.org\/{rel}","templated":true}]}}