{"id":7630,"date":"2023-07-17T14:03:39","date_gmt":"2023-07-17T17:03:39","guid":{"rendered":"https:\/\/hospitaldaher.com.br\/plastica\/?p=7630"},"modified":"2023-07-17T14:03:39","modified_gmt":"2023-07-17T17:03:39","slug":"hospital-daher-recebe-premio-destaque","status":"publish","type":"post","link":"https:\/\/hospitaldaher.com.br\/plastica\/hospital-daher-recebe-premio-destaque\/","title":{"rendered":"Hospital Daher recebe pr\u00eamio de destaque pela produ\u00e7\u00e3o cient\u00edfica da SBCP-DF em Cirurgia Pl\u00e1stica"},"content":{"rendered":"<p style=\"text-align: justify;\"><span style=\"font-weight: 400;\">O Hospital Daher Lago Sul recebeu o prestigioso pr\u00eamio de destaque pela produ\u00e7\u00e3o cient\u00edfica da Sociedade Brasileira de Cirurgia Pl\u00e1stica &#8211; DF (SBCP-DF). A conquista \u00e9 resultado do compromisso e dedica\u00e7\u00e3o de nossa equipe no desenvolvimento de pesquisas e na dissemina\u00e7\u00e3o do conhecimento no campo da Cirurgia Pl\u00e1stica.<\/span><\/p>\n<p style=\"text-align: justify;\"><span style=\"font-weight: 400;\">O pr\u00eamio foi recebido pelo fundador do hospital, Dr. Jos\u00e9 Carlos Daher, pelas m\u00e3os do Sr. Fausto Bermeo, presidente da SBCP-DF. A premia\u00e7\u00e3o reconhece o servi\u00e7o de Cirurgia Pl\u00e1stica do Hospital Daher como o de maior \u00edndice de publica\u00e7\u00f5es e atividades cient\u00edficas no Distrito Federal.\u00a0<\/span><\/p>\n<p style=\"text-align: justify;\"><span style=\"font-weight: 400;\">Essa conquista \u00e9 um reflexo do empenho de nossos profissionais altamente qualificados, que se dedicam incessantemente ao avan\u00e7o da Cirurgia Pl\u00e1stica e \u00e0 busca de melhores pr\u00e1ticas para o benef\u00edcio de nossos pacientes.<\/span><\/p>\n<p style=\"text-align: justify;\"><span style=\"font-weight: 400;\">Ao longo dos anos, temos investido, de forma cont\u00ednua, na promo\u00e7\u00e3o da pesquisa e do desenvolvimento cient\u00edfico em nosso servi\u00e7o. Por meio de parcerias com institui\u00e7\u00f5es de renome e a participa\u00e7\u00e3o em congressos nacionais e internacionais, buscamos estar \u00e0 frente das mais recentes descobertas e inova\u00e7\u00f5es na \u00e1rea da cirurgia pl\u00e1stica.<\/span><\/p>\n<p style=\"text-align: justify;\"><span style=\"font-weight: 400;\">Essa premia\u00e7\u00e3o refor\u00e7a o compromisso do Hospital Daher com a excel\u00eancia em todos os aspectos de nossas atividades, desde a presta\u00e7\u00e3o de cuidados m\u00e9dicos at\u00e9 a contribui\u00e7\u00e3o para o avan\u00e7o da ci\u00eancia. Estamos orgulhosos de receber esse reconhecimento e compartilhamos essa conquista com toda a nossa equipe, que diariamente se empenha em proporcionar o melhor atendimento e resultados aos nossos pacientes.<\/span><\/p>\n","protected":false},"excerpt":{"rendered":"<p>O Hospital Daher Lago Sul recebeu o prestigioso pr\u00eamio de destaque pela produ\u00e7\u00e3o cient\u00edfica da Sociedade Brasileira de Cirurgia Pl\u00e1stica &#8211; DF (SBCP-DF). A conquista \u00e9 resultado do compromisso e dedica\u00e7\u00e3o de nossa equipe no desenvolvimento de pesquisas e na dissemina\u00e7\u00e3o do conhecimento no campo da Cirurgia Pl\u00e1stica. O pr\u00eamio foi recebido pelo fundador do&#8230;<\/p>\n","protected":false},"author":1,"featured_media":7631,"comment_status":"open","ping_status":"open","sticky":false,"template":"","format":"standard","meta":{"footnotes":""},"categories":[216,139],"tags":[141,214,142,251,165],"yoast_head":"<!-- This site is optimized with the Yoast SEO plugin v21.6 - https:\/\/yoast.com\/wordpress\/plugins\/seo\/ -->\n<title>Hospital Daher recebe pr\u00eamio de destaque pela produ\u00e7\u00e3o cient\u00edfica da SBCP-DF em Cirurgia Pl\u00e1stica - Dr. Jos\u00e9 Carlos Daher<\/title>\n<meta name=\"description\" content=\"O Hospital Daher Lago Sul recebeu pr\u00eamio destaque da SBCP-DF pela produ\u00e7\u00e3o cient\u00edfica do hospital. Confira a mat\u00e9ria completa.\" \/>\n<meta name=\"robots\" content=\"index, follow, max-snippet:-1, max-image-preview:large, max-video-preview:-1\" \/>\n<link rel=\"canonical\" href=\"https:\/\/hospitaldaher.com.br\/plastica\/hospital-daher-recebe-premio-destaque\/\" \/>\n<meta property=\"og:locale\" content=\"pt_BR\" \/>\n<meta property=\"og:type\" content=\"article\" \/>\n<meta property=\"og:title\" content=\"Hospital Daher recebe pr\u00eamio de destaque pela produ\u00e7\u00e3o cient\u00edfica da SBCP-DF em Cirurgia Pl\u00e1stica - Dr. Jos\u00e9 Carlos Daher\" \/>\n<meta property=\"og:description\" content=\"O Hospital Daher Lago Sul recebeu pr\u00eamio destaque da SBCP-DF pela produ\u00e7\u00e3o cient\u00edfica do hospital. Confira a mat\u00e9ria completa.\" \/>\n<meta property=\"og:url\" content=\"https:\/\/hospitaldaher.com.br\/plastica\/hospital-daher-recebe-premio-destaque\/\" \/>\n<meta property=\"og:site_name\" content=\"Dr. Jos\u00e9 Carlos Daher\" \/>\n<meta property=\"article:publisher\" content=\"https:\/\/www.facebook.com\/daherplastica\/\" \/>\n<meta property=\"article:published_time\" content=\"2023-07-17T17:03:39+00:00\" \/>\n<meta property=\"og:image\" content=\"https:\/\/hospitaldaher.com.br\/plastica\/wp-content\/uploads\/2023\/07\/Hospital-Daher-recebe-premio-de-destaque-pela-producao-cientifica-da-SBCP-DF-em-Cirurgia-Plastica.png\" \/>\n\t<meta property=\"og:image:width\" content=\"900\" \/>\n\t<meta property=\"og:image:height\" content=\"600\" \/>\n\t<meta property=\"og:image:type\" content=\"image\/png\" \/>\n<meta name=\"author\" content=\"dah_plastica\" \/>\n<meta name=\"twitter:card\" content=\"summary_large_image\" \/>\n<meta name=\"twitter:label1\" content=\"Escrito por\" \/>\n\t<meta name=\"twitter:data1\" content=\"dah_plastica\" \/>\n\t<meta name=\"twitter:label2\" content=\"Est. tempo de leitura\" \/>\n\t<meta name=\"twitter:data2\" content=\"2 minutos\" \/>\n<script type=\"application\/ld+json\" class=\"yoast-schema-graph\">{\"@context\":\"https:\/\/schema.org\",\"@graph\":[{\"@type\":\"NewsArticle\",\"@id\":\"https:\/\/hospitaldaher.com.br\/plastica\/hospital-daher-recebe-premio-destaque\/#article\",\"isPartOf\":{\"@id\":\"https:\/\/hospitaldaher.com.br\/plastica\/hospital-daher-recebe-premio-destaque\/\"},\"author\":{\"name\":\"dah_plastica\",\"@id\":\"https:\/\/hospitaldaher.com.br\/plastica\/#\/schema\/person\/990274ce18410601a15d815dac9cd1ce\"},\"headline\":\"Hospital Daher recebe pr\u00eamio de destaque pela produ\u00e7\u00e3o cient\u00edfica da SBCP-DF em Cirurgia Pl\u00e1stica\",\"datePublished\":\"2023-07-17T17:03:39+00:00\",\"dateModified\":\"2023-07-17T17:03:39+00:00\",\"mainEntityOfPage\":{\"@id\":\"https:\/\/hospitaldaher.com.br\/plastica\/hospital-daher-recebe-premio-destaque\/\"},\"wordCount\":286,\"commentCount\":0,\"publisher\":{\"@id\":\"https:\/\/hospitaldaher.com.br\/plastica\/#organization\"},\"keywords\":[\"cirurgia pl\u00e1stica\",\"Dr Jos\u00e9 Carlos Daher\",\"Hospital Daher\",\"pesquisa cient\u00edfica\",\"SBCP\"],\"articleSection\":[\"Nas redes\",\"Not\u00edcias\"],\"inLanguage\":\"pt-BR\",\"potentialAction\":[{\"@type\":\"CommentAction\",\"name\":\"Comment\",\"target\":[\"https:\/\/hospitaldaher.com.br\/plastica\/hospital-daher-recebe-premio-destaque\/#respond\"]}]},{\"@type\":[\"WebPage\",\"MedicalWebPage\"],\"@id\":\"https:\/\/hospitaldaher.com.br\/plastica\/hospital-daher-recebe-premio-destaque\/\",\"url\":\"https:\/\/hospitaldaher.com.br\/plastica\/hospital-daher-recebe-premio-destaque\/\",\"name\":\"Hospital Daher recebe pr\u00eamio de destaque pela produ\u00e7\u00e3o cient\u00edfica da SBCP-DF em Cirurgia Pl\u00e1stica - Dr. Jos\u00e9 Carlos Daher\",\"isPartOf\":{\"@id\":\"https:\/\/hospitaldaher.com.br\/plastica\/#website\"},\"datePublished\":\"2023-07-17T17:03:39+00:00\",\"dateModified\":\"2023-07-17T17:03:39+00:00\",\"description\":\"O Hospital Daher Lago Sul recebeu pr\u00eamio destaque da SBCP-DF pela produ\u00e7\u00e3o cient\u00edfica do hospital. Confira a mat\u00e9ria completa.\",\"breadcrumb\":{\"@id\":\"https:\/\/hospitaldaher.com.br\/plastica\/hospital-daher-recebe-premio-destaque\/#breadcrumb\"},\"inLanguage\":\"pt-BR\",\"potentialAction\":[{\"@type\":\"ReadAction\",\"target\":[\"https:\/\/hospitaldaher.com.br\/plastica\/hospital-daher-recebe-premio-destaque\/\"]}]},{\"@type\":\"BreadcrumbList\",\"@id\":\"https:\/\/hospitaldaher.com.br\/plastica\/hospital-daher-recebe-premio-destaque\/#breadcrumb\",\"itemListElement\":[{\"@type\":\"ListItem\",\"position\":1,\"name\":\"In\u00edcio\",\"item\":\"https:\/\/hospitaldaher.com.br\/plastica\/\"},{\"@type\":\"ListItem\",\"position\":2,\"name\":\"Hospital Daher recebe pr\u00eamio de destaque pela produ\u00e7\u00e3o cient\u00edfica da SBCP-DF em Cirurgia Pl\u00e1stica\"}]},{\"@type\":\"WebSite\",\"@id\":\"https:\/\/hospitaldaher.com.br\/plastica\/#website\",\"url\":\"https:\/\/hospitaldaher.com.br\/plastica\/\",\"name\":\"Dr. Jos\u00e9 Carlos Daher\",\"description\":\"Cirurgia Pl\u00e1stica\",\"publisher\":{\"@id\":\"https:\/\/hospitaldaher.com.br\/plastica\/#organization\"},\"potentialAction\":[{\"@type\":\"SearchAction\",\"target\":{\"@type\":\"EntryPoint\",\"urlTemplate\":\"https:\/\/hospitaldaher.com.br\/plastica\/?s={search_term_string}\"},\"query-input\":\"required name=search_term_string\"}],\"inLanguage\":\"pt-BR\"},{\"@type\":\"Organization\",\"@id\":\"https:\/\/hospitaldaher.com.br\/plastica\/#organization\",\"name\":\"Daher Pl\u00e1stica - Dr. Jos\u00e9 Carlos Daher e Dr. Leonardo Daher\",\"url\":\"https:\/\/hospitaldaher.com.br\/plastica\/\",\"logo\":{\"@type\":\"ImageObject\",\"inLanguage\":\"pt-BR\",\"@id\":\"https:\/\/hospitaldaher.com.br\/plastica\/#\/schema\/logo\/image\/\",\"url\":\"https:\/\/hospitaldaher.com.br\/plastica\/wp-content\/uploads\/2022\/09\/Logo_Jose_Carlos_Daher_em_Brasilia_Black.svg\",\"contentUrl\":\"https:\/\/hospitaldaher.com.br\/plastica\/wp-content\/uploads\/2022\/09\/Logo_Jose_Carlos_Daher_em_Brasilia_Black.svg\",\"width\":\"1030\",\"height\":\"1030\",\"caption\":\"Daher Pl\u00e1stica - Dr. Jos\u00e9 Carlos Daher e Dr. Leonardo Daher\"},\"image\":{\"@id\":\"https:\/\/hospitaldaher.com.br\/plastica\/#\/schema\/logo\/image\/\"},\"sameAs\":[\"https:\/\/www.facebook.com\/daherplastica\/\",\"https:\/\/www.instagram.com\/doutor_daher\/\"]},{\"@type\":\"Person\",\"@id\":\"https:\/\/hospitaldaher.com.br\/plastica\/#\/schema\/person\/990274ce18410601a15d815dac9cd1ce\",\"name\":\"dah_plastica\",\"image\":{\"@type\":\"ImageObject\",\"inLanguage\":\"pt-BR\",\"@id\":\"https:\/\/hospitaldaher.com.br\/plastica\/#\/schema\/person\/image\/\",\"url\":\"https:\/\/hospitaldaher.com.br\/plastica\/wp-content\/litespeed\/avatar\/219b5c57043255d7a73fc02ab67a7860.jpg?ver=1776865037\",\"contentUrl\":\"https:\/\/hospitaldaher.com.br\/plastica\/wp-content\/litespeed\/avatar\/219b5c57043255d7a73fc02ab67a7860.jpg?ver=1776865037\",\"caption\":\"dah_plastica\"}}]}<\/script>\n<!-- \/ Yoast SEO plugin. -->","yoast_head_json":{"title":"Hospital Daher recebe pr\u00eamio de destaque pela produ\u00e7\u00e3o cient\u00edfica da SBCP-DF em Cirurgia Pl\u00e1stica - Dr. Jos\u00e9 Carlos Daher","description":"O Hospital Daher Lago Sul recebeu pr\u00eamio destaque da SBCP-DF pela produ\u00e7\u00e3o cient\u00edfica do hospital. Confira a mat\u00e9ria completa.","robots":{"index":"index","follow":"follow","max-snippet":"max-snippet:-1","max-image-preview":"max-image-preview:large","max-video-preview":"max-video-preview:-1"},"canonical":"https:\/\/hospitaldaher.com.br\/plastica\/hospital-daher-recebe-premio-destaque\/","og_locale":"pt_BR","og_type":"article","og_title":"Hospital Daher recebe pr\u00eamio de destaque pela produ\u00e7\u00e3o cient\u00edfica da SBCP-DF em Cirurgia Pl\u00e1stica - Dr. Jos\u00e9 Carlos Daher","og_description":"O Hospital Daher Lago Sul recebeu pr\u00eamio destaque da SBCP-DF pela produ\u00e7\u00e3o cient\u00edfica do hospital. Confira a mat\u00e9ria completa.","og_url":"https:\/\/hospitaldaher.com.br\/plastica\/hospital-daher-recebe-premio-destaque\/","og_site_name":"Dr. Jos\u00e9 Carlos Daher","article_publisher":"https:\/\/www.facebook.com\/daherplastica\/","article_published_time":"2023-07-17T17:03:39+00:00","og_image":[{"width":900,"height":600,"url":"https:\/\/hospitaldaher.com.br\/plastica\/wp-content\/uploads\/2023\/07\/Hospital-Daher-recebe-premio-de-destaque-pela-producao-cientifica-da-SBCP-DF-em-Cirurgia-Plastica.png","type":"image\/png"}],"author":"dah_plastica","twitter_card":"summary_large_image","twitter_misc":{"Escrito por":"dah_plastica","Est. tempo de leitura":"2 minutos"},"schema":{"@context":"https:\/\/schema.org","@graph":[{"@type":"NewsArticle","@id":"https:\/\/hospitaldaher.com.br\/plastica\/hospital-daher-recebe-premio-destaque\/#article","isPartOf":{"@id":"https:\/\/hospitaldaher.com.br\/plastica\/hospital-daher-recebe-premio-destaque\/"},"author":{"name":"dah_plastica","@id":"https:\/\/hospitaldaher.com.br\/plastica\/#\/schema\/person\/990274ce18410601a15d815dac9cd1ce"},"headline":"Hospital Daher recebe pr\u00eamio de destaque pela produ\u00e7\u00e3o cient\u00edfica da SBCP-DF em Cirurgia Pl\u00e1stica","datePublished":"2023-07-17T17:03:39+00:00","dateModified":"2023-07-17T17:03:39+00:00","mainEntityOfPage":{"@id":"https:\/\/hospitaldaher.com.br\/plastica\/hospital-daher-recebe-premio-destaque\/"},"wordCount":286,"commentCount":0,"publisher":{"@id":"https:\/\/hospitaldaher.com.br\/plastica\/#organization"},"keywords":["cirurgia pl\u00e1stica","Dr Jos\u00e9 Carlos Daher","Hospital Daher","pesquisa cient\u00edfica","SBCP"],"articleSection":["Nas redes","Not\u00edcias"],"inLanguage":"pt-BR","potentialAction":[{"@type":"CommentAction","name":"Comment","target":["https:\/\/hospitaldaher.com.br\/plastica\/hospital-daher-recebe-premio-destaque\/#respond"]}]},{"@type":["WebPage","MedicalWebPage"],"@id":"https:\/\/hospitaldaher.com.br\/plastica\/hospital-daher-recebe-premio-destaque\/","url":"https:\/\/hospitaldaher.com.br\/plastica\/hospital-daher-recebe-premio-destaque\/","name":"Hospital Daher recebe pr\u00eamio de destaque pela produ\u00e7\u00e3o cient\u00edfica da SBCP-DF em Cirurgia Pl\u00e1stica - Dr. Jos\u00e9 Carlos Daher","isPartOf":{"@id":"https:\/\/hospitaldaher.com.br\/plastica\/#website"},"datePublished":"2023-07-17T17:03:39+00:00","dateModified":"2023-07-17T17:03:39+00:00","description":"O Hospital Daher Lago Sul recebeu pr\u00eamio destaque da SBCP-DF pela produ\u00e7\u00e3o cient\u00edfica do hospital. Confira a mat\u00e9ria completa.","breadcrumb":{"@id":"https:\/\/hospitaldaher.com.br\/plastica\/hospital-daher-recebe-premio-destaque\/#breadcrumb"},"inLanguage":"pt-BR","potentialAction":[{"@type":"ReadAction","target":["https:\/\/hospitaldaher.com.br\/plastica\/hospital-daher-recebe-premio-destaque\/"]}]},{"@type":"BreadcrumbList","@id":"https:\/\/hospitaldaher.com.br\/plastica\/hospital-daher-recebe-premio-destaque\/#breadcrumb","itemListElement":[{"@type":"ListItem","position":1,"name":"In\u00edcio","item":"https:\/\/hospitaldaher.com.br\/plastica\/"},{"@type":"ListItem","position":2,"name":"Hospital Daher recebe pr\u00eamio de destaque pela produ\u00e7\u00e3o cient\u00edfica da SBCP-DF em Cirurgia Pl\u00e1stica"}]},{"@type":"WebSite","@id":"https:\/\/hospitaldaher.com.br\/plastica\/#website","url":"https:\/\/hospitaldaher.com.br\/plastica\/","name":"Dr. Jos\u00e9 Carlos Daher","description":"Cirurgia Pl\u00e1stica","publisher":{"@id":"https:\/\/hospitaldaher.com.br\/plastica\/#organization"},"potentialAction":[{"@type":"SearchAction","target":{"@type":"EntryPoint","urlTemplate":"https:\/\/hospitaldaher.com.br\/plastica\/?s={search_term_string}"},"query-input":"required name=search_term_string"}],"inLanguage":"pt-BR"},{"@type":"Organization","@id":"https:\/\/hospitaldaher.com.br\/plastica\/#organization","name":"Daher Pl\u00e1stica - Dr. Jos\u00e9 Carlos Daher e Dr. Leonardo Daher","url":"https:\/\/hospitaldaher.com.br\/plastica\/","logo":{"@type":"ImageObject","inLanguage":"pt-BR","@id":"https:\/\/hospitaldaher.com.br\/plastica\/#\/schema\/logo\/image\/","url":"https:\/\/hospitaldaher.com.br\/plastica\/wp-content\/uploads\/2022\/09\/Logo_Jose_Carlos_Daher_em_Brasilia_Black.svg","contentUrl":"https:\/\/hospitaldaher.com.br\/plastica\/wp-content\/uploads\/2022\/09\/Logo_Jose_Carlos_Daher_em_Brasilia_Black.svg","width":"1030","height":"1030","caption":"Daher Pl\u00e1stica - Dr. Jos\u00e9 Carlos Daher e Dr. Leonardo Daher"},"image":{"@id":"https:\/\/hospitaldaher.com.br\/plastica\/#\/schema\/logo\/image\/"},"sameAs":["https:\/\/www.facebook.com\/daherplastica\/","https:\/\/www.instagram.com\/doutor_daher\/"]},{"@type":"Person","@id":"https:\/\/hospitaldaher.com.br\/plastica\/#\/schema\/person\/990274ce18410601a15d815dac9cd1ce","name":"dah_plastica","image":{"@type":"ImageObject","inLanguage":"pt-BR","@id":"https:\/\/hospitaldaher.com.br\/plastica\/#\/schema\/person\/image\/","url":"https:\/\/hospitaldaher.com.br\/plastica\/wp-content\/litespeed\/avatar\/219b5c57043255d7a73fc02ab67a7860.jpg?ver=1776865037","contentUrl":"https:\/\/hospitaldaher.com.br\/plastica\/wp-content\/litespeed\/avatar\/219b5c57043255d7a73fc02ab67a7860.jpg?ver=1776865037","caption":"dah_plastica"}}]}},"_links":{"self":[{"href":"https:\/\/hospitaldaher.com.br\/plastica\/wp-json\/wp\/v2\/posts\/7630"}],"collection":[{"href":"https:\/\/hospitaldaher.com.br\/plastica\/wp-json\/wp\/v2\/posts"}],"about":[{"href":"https:\/\/hospitaldaher.com.br\/plastica\/wp-json\/wp\/v2\/types\/post"}],"author":[{"embeddable":true,"href":"https:\/\/hospitaldaher.com.br\/plastica\/wp-json\/wp\/v2\/users\/1"}],"replies":[{"embeddable":true,"href":"https:\/\/hospitaldaher.com.br\/plastica\/wp-json\/wp\/v2\/comments?post=7630"}],"version-history":[{"count":1,"href":"https:\/\/hospitaldaher.com.br\/plastica\/wp-json\/wp\/v2\/posts\/7630\/revisions"}],"predecessor-version":[{"id":7632,"href":"https:\/\/hospitaldaher.com.br\/plastica\/wp-json\/wp\/v2\/posts\/7630\/revisions\/7632"}],"wp:featuredmedia":[{"embeddable":true,"href":"https:\/\/hospitaldaher.com.br\/plastica\/wp-json\/wp\/v2\/media\/7631"}],"wp:attachment":[{"href":"https:\/\/hospitaldaher.com.br\/plastica\/wp-json\/wp\/v2\/media?parent=7630"}],"wp:term":[{"taxonomy":"category","embeddable":true,"href":"https:\/\/hospitaldaher.com.br\/plastica\/wp-json\/wp\/v2\/categories?post=7630"},{"taxonomy":"post_tag","embeddable":true,"href":"https:\/\/hospitaldaher.com.br\/plastica\/wp-json\/wp\/v2\/tags?post=7630"}],"curies":[{"name":"wp","href":"https:\/\/api.w.org\/{rel}","templated":true}]}}